{"id":10991,"date":"2021-09-07T07:47:45","date_gmt":"2021-09-07T12:47:45","guid":{"rendered":"https:\/\/einsteresante.com\/?p=10991"},"modified":"2021-09-07T07:47:46","modified_gmt":"2021-09-07T12:47:46","slug":"cientos-de-revistas-medicas-se-unen-para-dar-una-franca-y-brutal-advertencia","status":"publish","type":"post","link":"https:\/\/einsteresante.com\/index.php\/2021\/09\/07\/cientos-de-revistas-medicas-se-unen-para-dar-una-franca-y-brutal-advertencia\/","title":{"rendered":"Cientos de revistas m\u00e9dicas se unen para dar una franca y brutal advertencia"},"content":{"rendered":"\n<p>El calentamiento global ya est\u00e1 afectando tanto la salud de las personas que las acciones de emergencia sobre el cambio clim\u00e1tico no se pueden suspender mientras el mundo se enfrenta a la pandemia de COVID-19, advirtieron el lunes revistas m\u00e9dicas de todo el mundo.<\/p>\n\n\n\n<p>&#8220;La salud ya est\u00e1 siendo da\u00f1ada por el aumento de la temperatura global y la destrucci\u00f3n del mundo natural&#8221;, se lee en un editorial publicado en m\u00e1s de 220 revistas l\u00edderes antes de la cumbre clim\u00e1tica COP26 en noviembre.<\/p>\n\n\n\n<p>Desde la era preindustrial, las temperaturas han aumentado alrededor de 1,1\u00b0C. El editorial, escrito por los editores en jefe de m\u00e1s de una docena de revistas, incluidas The Lancet, East African Medical Journal, Revista de Saude Publica de Brasil y International Nursing Review, dijo que esto hab\u00eda causado una gran cantidad de problemas de salud.<\/p>\n\n\n\n<p>&#8220;En los \u00faltimos 20 a\u00f1os, la mortalidad relacionada con el calor entre las personas mayores de 65 a\u00f1os ha aumentado en m\u00e1s del 50%&#8221;, se lee.<\/p>\n\n\n\n<p>&#8220;Las temperaturas m\u00e1s altas han provocado una mayor deshidrataci\u00f3n y p\u00e9rdida de la funci\u00f3n renal, neoplasias dermatol\u00f3gicas, infecciones tropicales, resultados adversos de salud mental, complicaciones del embarazo, alergias y morbilidad y mortalidad cardiovascular y pulmonar&#8221;.<\/p>\n\n\n\n<p>Tambi\u00e9n se\u00f1al\u00f3 la disminuci\u00f3n de la producci\u00f3n agr\u00edcola, &#8220;obstaculizando los esfuerzos para reducir la desnutrici\u00f3n&#8221;.<\/p>\n\n\n\n<p>Estos efectos, que golpean m\u00e1s duramente a los m\u00e1s vulnerables como las minor\u00edas, los ni\u00f1os y las comunidades m\u00e1s pobres, son solo el comienzo, advirti\u00f3. Tal como est\u00e1n las cosas, el calentamiento global podr\u00eda alcanzar + 1,5\u00b0C en niveles preindustriales alrededor de 2030, seg\u00fan el Panel Intergubernamental sobre Cambio Clim\u00e1tico de la ONU. Y eso, junto con la continua p\u00e9rdida de biodiversidad, &#8220;corre el riesgo de da\u00f1os catastr\u00f3ficos para la salud que ser\u00e1 imposible revertir&#8221;, advirti\u00f3 el editorial.<\/p>\n\n\n\n<p>&#8220;A pesar de la preocupaci\u00f3n necesaria del mundo por COVID-19, no podemos esperar a que pase la pandemia para reducir r\u00e1pidamente las emisiones&#8221;.<\/p>\n\n\n\n<p>En un comunicado antes de la publicaci\u00f3n del editorial, el jefe de la Organizaci\u00f3n Mundial de la Salud, Tedros Adhanom Ghebreyesus, dijo: &#8220;Los riesgos que plantea el cambio clim\u00e1tico podr\u00edan empeque\u00f1ecer los de cualquier enfermedad&#8221;.<\/p>\n\n\n\n<p>&#8220;La pandemia de COVID-19 terminar\u00e1, pero no hay una vacuna para la crisis clim\u00e1tica. Cada acci\u00f3n que se tome para limitar las emisiones y el calentamiento nos acerca a un futuro m\u00e1s saludable y seguro&#8221;.<\/p>\n\n\n\n<p>El editorial se\u00f1al\u00f3 que muchos gobiernos enfrentaron la amenaza del COVID-19 con &#8220;financiamiento sin precedentes&#8221; y pidieron &#8220;una respuesta de emergencia similar&#8221; a la crisis ambiental, destacando los beneficios.<\/p>\n\n\n\n<p>&#8220;Una mejor calidad del aire por s\u00ed sola generar\u00eda beneficios para la salud que compensar\u00edan f\u00e1cilmente los costos globales de la reducci\u00f3n de emisiones&#8221;, dec\u00eda.<\/p>\n\n\n\n<p>Los autores tambi\u00e9n dijeron que &#8220;los gobiernos deben realizar cambios fundamentales en la forma en que nuestras sociedades y econom\u00edas est\u00e1n organizadas y en c\u00f3mo vivimos&#8221;.<\/p>\n\n\n\n<p>Fuente: <a href=\"https:\/\/www.sciencealert.com\/medical-journals-warn-the-risk-of-waiting-for-the-pandemic-to-end-before-fixing-the-climate-is-too-great\">Science Alert<\/a>.<\/p>\n","protected":false},"excerpt":{"rendered":"<p>El calentamiento global ya est\u00e1 afectando tanto la salud de las personas que las acciones de emergencia sobre el cambio clim\u00e1tico no se pueden suspender mientras el mundo se enfrenta a la pandemia de COVID-19, advirtieron el lunes revistas m\u00e9dicas de todo el mundo. &#8220;La salud ya est\u00e1 siendo da\u00f1ada por el aumento de la [&hellip;]<\/p>\n","protected":false},"author":1,"featured_media":0,"comment_status":"open","ping_status":"open","sticky":false,"template":"","format":"standard","meta":{"footnotes":""},"categories":[10],"tags":[],"class_list":["post-10991","post","type-post","status-publish","format-standard","hentry","category-medio-ambiente"],"_links":{"self":[{"href":"https:\/\/einsteresante.com\/index.php\/wp-json\/wp\/v2\/posts\/10991","targetHints":{"allow":["GET"]}}],"collection":[{"href":"https:\/\/einsteresante.com\/index.php\/wp-json\/wp\/v2\/posts"}],"about":[{"href":"https:\/\/einsteresante.com\/index.php\/wp-json\/wp\/v2\/types\/post"}],"author":[{"embeddable":true,"href":"https:\/\/einsteresante.com\/index.php\/wp-json\/wp\/v2\/users\/1"}],"replies":[{"embeddable":true,"href":"https:\/\/einsteresante.com\/index.php\/wp-json\/wp\/v2\/comments?post=10991"}],"version-history":[{"count":5,"href":"https:\/\/einsteresante.com\/index.php\/wp-json\/wp\/v2\/posts\/10991\/revisions"}],"predecessor-version":[{"id":10996,"href":"https:\/\/einsteresante.com\/index.php\/wp-json\/wp\/v2\/posts\/10991\/revisions\/10996"}],"wp:attachment":[{"href":"https:\/\/einsteresante.com\/index.php\/wp-json\/wp\/v2\/media?parent=10991"}],"wp:term":[{"taxonomy":"category","embeddable":true,"href":"https:\/\/einsteresante.com\/index.php\/wp-json\/wp\/v2\/categories?post=10991"},{"taxonomy":"post_tag","embeddable":true,"href":"https:\/\/einsteresante.com\/index.php\/wp-json\/wp\/v2\/tags?post=10991"}],"curies":[{"name":"wp","href":"https:\/\/api.w.org\/{rel}","templated":true}]}}