{"id":12589,"date":"2021-10-21T22:14:10","date_gmt":"2021-10-22T03:14:10","guid":{"rendered":"https:\/\/einsteresante.com\/?p=12589"},"modified":"2021-10-21T22:14:12","modified_gmt":"2021-10-22T03:14:12","slug":"sevilla-empieza-a-nombrar-y-clasificar-olas-de-calor-como-si-fueran-huracanes","status":"publish","type":"post","link":"https:\/\/einsteresante.com\/index.php\/2021\/10\/21\/sevilla-empieza-a-nombrar-y-clasificar-olas-de-calor-como-si-fueran-huracanes\/","title":{"rendered":"Sevilla empieza a nombrar y clasificar olas de calor como si fueran huracanes"},"content":{"rendered":"\n<p>Las olas de calor son mucho m\u00e1s que una molestia. Pueden ser muy peligrosas, provocar enfermedades y la muerte, y debido al cambio clim\u00e1tico, suceden con mayor frecuencia y se vuelven m\u00e1s intensos. Por eso la sensibilizaci\u00f3n es muy importante. Ahora, la ciudad de Sevilla en Espa\u00f1a quiere hacer eso usando un enfoque innovador: nombrar las olas de calor.<\/p>\n\n\n\n<p>A partir de 2022, el gobierno local quiere comenzar a nombrar y categorizar las olas de calor, al igual que otros pa\u00edses y ciudades ya lo hacen con las tormentas tropicales y los huracanes. Esta ser\u00eda una primicia mundial, y el alcalde de Sevilla, Juan Espadas, afirm\u00f3 que esto ayudar\u00eda a que las olas de calor fueran m\u00e1s concretas y m\u00e1s f\u00e1ciles de identificar por parte de los ciudadanos, lo que generar\u00eda una conciencia muy necesaria sobre el problema.<\/p>\n\n\n\n<p>\u201cLas olas de calor extremo son cada vez m\u00e1s frecuentes y devastadoras como efecto directo del cambio clim\u00e1tico. Los gobiernos locales deben abordar la amenaza que el calor representa para nuestras poblaciones, particularmente las m\u00e1s vulnerables, creando conciencia sobre los peligros relacionados con la salud por el calor a trav\u00e9s de datos y ciencia basados \u200b\u200ben evidencia\u201d, dijo Espadas en un comunicado.<\/p>\n\n\n\n<p><strong>Un lugar realmente caluroso<br><\/strong>M\u00e1s de 700.000 personas viven actualmente en Sevilla, ubicada en el sur de Espa\u00f1a en la regi\u00f3n de Andaluc\u00eda. Es un destino tur\u00edstico popular y tambi\u00e9n una de las zonas m\u00e1s calientes del pa\u00eds. Tambi\u00e9n es una de las regiones m\u00e1s calientes de Europa.<\/p>\n\n\n\n<p>El 14 de agosto, la ciudad de Montoro, a 160 kil\u00f3metros al noreste de Sevilla, registr\u00f3 una temperatura de 47,3\u00baC, la m\u00e1s alta registrada en Espa\u00f1a. Sevilla misma ha tenido su parte justa de olas de calor y calor extremo.<\/p>\n\n\n\n<p>Sevilla se asoci\u00f3 con la Fundaci\u00f3n Arsht-Rockefeller que se centra en llegar a &#8220;mil millones de personas con soluciones de resiliencia al cambio clim\u00e1tico, la migraci\u00f3n y los desaf\u00edos de seguridad&#8221; para 2030. La fundaci\u00f3n form\u00f3 en 2020 la Extreme Heat Resilience Alliance, una coalici\u00f3n de organizaciones que trabajan en el efecto del calor urbano en los grupos vulnerables.<\/p>\n\n\n\n<figure class=\"wp-block-image\"><img decoding=\"async\" src=\"https:\/\/cdn.zmescience.com\/wp-content\/uploads\/2021\/10\/super-heatwaves-of-55c-probability.jpg\" alt=\"\"\/><figcaption>La probabilidad de olas de calor en diferentes niveles de calentamiento global: 1,5\u00b0C (arriba), 2\u00b0 (medio) o 4\u00b0 (abajo).<\/figcaption><\/figure>\n\n\n\n<p>\u201cLas olas de calor han sido apodadas &#8216;el asesino silencioso&#8217; por una raz\u00f3n: causan estragos invisibles en nuestras econom\u00edas, se aprovechan de los miembros m\u00e1s vulnerables de la sociedad y matan a m\u00e1s personas que cualquier otra amenaza clim\u00e1tica, pero los peligros que representan son tremendamente subestimados y gravemente incomprendidos\u201d, dijo Baughman McLeo, director de la fundaci\u00f3n Arsht-Rockefeller.<\/p>\n\n\n\n<p>Los primeros pasos ahora ser\u00e1n la creaci\u00f3n de un grupo de enfoque para proponer los nombres de las olas de calor y tambi\u00e9n desarrollar un sistema de categorizaci\u00f3n. Para ello, Sevilla y la Fundaci\u00f3n Arsht-Rockefeller se asociar\u00e1n con un equipo de expertos en meteorolog\u00eda, salud y marketing social, incluida AEMET, la agencia meteorol\u00f3gica de Espa\u00f1a, y dos universidades locales.<\/p>\n\n\n\n<p>Nombrar y categorizar las olas de calor permitir\u00e1 a los funcionarios locales implementar pol\u00edticas espec\u00edficas, como agregar personal adicional a las salas de emergencia y abrir refugios con aire acondicionado. Paralelamente, Sevilla tiene previsto realizar una campa\u00f1a de concienciaci\u00f3n p\u00fablica para comunicar mejor los riesgos del calor extremo, informando a los ciudadanos sobre lo que deben y no deben hacer.<\/p>\n\n\n\n<p>Las olas de calor se encuentran entre los peligros naturales m\u00e1s peligrosos, pero no reciben la atenci\u00f3n adecuada porque sus herramientas de muerte y destrucci\u00f3n no siempre son obvias de inmediato. Seg\u00fan la Organizaci\u00f3n Mundial de la Salud, m\u00e1s de 166.000 personas murieron a causa de las olas de calor entre 1998 y 2017, incluidas m\u00e1s de 70.000 que murieron en 2003 durante una ola de calor en Europa.<\/p>\n\n\n\n<p>Cuanto m\u00e1s se calienta el planeta, m\u00e1s probabilidades hay de que se produzcan olas de calor, y m\u00e1s personas tendr\u00e1n que sufrirlas. Desafortunadamente, todav\u00eda falta la acci\u00f3n decisiva necesaria para frenar verdaderamente el cambio clim\u00e1tico. Quiz\u00e1s iniciativas como la de Sevilla puedan ayudar a m\u00e1s personas a ser conscientes de los principales riesgos que plantea el cambio clim\u00e1tico.<\/p>\n\n\n\n<p>Fuente: <a href=\"https:\/\/www.zmescience.com\/science\/just-like-hurricanes-seville-wants-to-be-the-first-worlds-city-to-name-and-rank-heat-waves\/\">ZME Science<\/a>.<\/p>\n","protected":false},"excerpt":{"rendered":"<p>Las olas de calor son mucho m\u00e1s que una molestia. Pueden ser muy peligrosas, provocar enfermedades y la muerte, y debido al cambio clim\u00e1tico, suceden con mayor frecuencia y se vuelven m\u00e1s intensos. Por eso la sensibilizaci\u00f3n es muy importante. Ahora, la ciudad de Sevilla en Espa\u00f1a quiere hacer eso usando un enfoque innovador: nombrar [&hellip;]<\/p>\n","protected":false},"author":1,"featured_media":0,"comment_status":"open","ping_status":"open","sticky":false,"template":"","format":"standard","meta":{"footnotes":""},"categories":[10],"tags":[],"class_list":["post-12589","post","type-post","status-publish","format-standard","hentry","category-medio-ambiente"],"_links":{"self":[{"href":"https:\/\/einsteresante.com\/index.php\/wp-json\/wp\/v2\/posts\/12589","targetHints":{"allow":["GET"]}}],"collection":[{"href":"https:\/\/einsteresante.com\/index.php\/wp-json\/wp\/v2\/posts"}],"about":[{"href":"https:\/\/einsteresante.com\/index.php\/wp-json\/wp\/v2\/types\/post"}],"author":[{"embeddable":true,"href":"https:\/\/einsteresante.com\/index.php\/wp-json\/wp\/v2\/users\/1"}],"replies":[{"embeddable":true,"href":"https:\/\/einsteresante.com\/index.php\/wp-json\/wp\/v2\/comments?post=12589"}],"version-history":[{"count":8,"href":"https:\/\/einsteresante.com\/index.php\/wp-json\/wp\/v2\/posts\/12589\/revisions"}],"predecessor-version":[{"id":12597,"href":"https:\/\/einsteresante.com\/index.php\/wp-json\/wp\/v2\/posts\/12589\/revisions\/12597"}],"wp:attachment":[{"href":"https:\/\/einsteresante.com\/index.php\/wp-json\/wp\/v2\/media?parent=12589"}],"wp:term":[{"taxonomy":"category","embeddable":true,"href":"https:\/\/einsteresante.com\/index.php\/wp-json\/wp\/v2\/categories?post=12589"},{"taxonomy":"post_tag","embeddable":true,"href":"https:\/\/einsteresante.com\/index.php\/wp-json\/wp\/v2\/tags?post=12589"}],"curies":[{"name":"wp","href":"https:\/\/api.w.org\/{rel}","templated":true}]}}