{"id":13858,"date":"2021-11-19T20:51:52","date_gmt":"2021-11-20T01:51:52","guid":{"rendered":"https:\/\/einsteresante.com\/?p=13858"},"modified":"2021-11-19T20:51:55","modified_gmt":"2021-11-20T01:51:55","slug":"los-mosquitos-tienen-una-relacion-simbiotica-con-el-causante-de-la-malaria","status":"publish","type":"post","link":"https:\/\/einsteresante.com\/index.php\/2021\/11\/19\/los-mosquitos-tienen-una-relacion-simbiotica-con-el-causante-de-la-malaria\/","title":{"rendered":"Los mosquitos tienen una relaci\u00f3n simbi\u00f3tica con el causante de la malaria"},"content":{"rendered":"\n<p>Laurence J. Zwiebel, profesor de Ciencias Biol\u00f3gicas de Cornelius Vanderbilt, forma parte de un equipo de investigadores de Vanderbilt y del Johns Hopkins Malaria Research Institute que est\u00e1n trabajando para comprender c\u00f3mo <em>Plasmodium falciparium<\/em>, el pat\u00f3geno que causa la malaria en los seres humanos, afecta a los mosquitos que propagan la enfermedad. La investigaci\u00f3n fue encabezada por Ann Carr, una acad\u00e9mica visitante actual y ex becaria postdoctoral en el Zwiebel Lab.<\/p>\n\n\n\n<p>A trav\u00e9s del an\u00e1lisis comparativo de ARNm entre mosquitos infectados y no infectados con la edad suficiente para transmitir la malaria, los investigadores concluyeron que el sentido del olfato de los mosquitos infectados mejor\u00f3 significativamente, mejorando as\u00ed su capacidad para encontrar hu\u00e9spedes, dijo Zwiebel. Esto sugiere que la infecci\u00f3n con el par\u00e1sito proporciona al mosquito una ventaja que promueve la reproducci\u00f3n y la transmisi\u00f3n de enfermedades.<\/p>\n\n\n\n<p>M\u00e1s all\u00e1 de una respuesta olfativa m\u00e1s sensible, los investigadores notaron que el perfil de transcripci\u00f3n de ARNm de los mosquitos infectados se parec\u00eda al de insectos mucho m\u00e1s j\u00f3venes. &#8220;Los mosquitos infectados revelaron una fisiolog\u00eda que ten\u00eda todas las caracter\u00edsticas de los animales m\u00e1s j\u00f3venes: m\u00e1s centrados en la reproducci\u00f3n, m\u00e1s robustos inmunol\u00f3gicamente y en general m\u00e1s en forma que sus hermanos de control de mediana edad no infectados&#8221;, dijo Zwiebel. &#8220;Esto sugiere que existe una amplia ventaja adaptativa generalizada para mantener los pat\u00f3genos de la malaria en la poblaci\u00f3n. Eso, en parte, explica la persistencia global de la malaria&#8221;.<\/p>\n\n\n\n<p>El equipo de investigaci\u00f3n realiz\u00f3 su estudio dentro del desafiante contexto de las infecciones del mundo real que ocurren en niveles muy bajos. &#8220;Nos esforzamos enormemente para realizar este estudio utilizando infecciones de muy baja intensidad que se alinean con los niveles naturales de infecci\u00f3n observados en \u00c1frica&#8221;, dijo Zwiebel.<\/p>\n\n\n\n<p>La investigaci\u00f3n fue publicada en Scientific Reports.<\/p>\n\n\n\n<p><strong>\u00bfPor qu\u00e9 importa?<br><\/strong>Al tomarse el tiempo y el esfuerzo para reproducir las condiciones naturales para obtener estos resultados, los investigadores tienen como objetivo demostrar la viabilidad y subrayar la necesidad de realizar estudios de infecci\u00f3n por malaria dentro de los par\u00e1metros naturales.<\/p>\n\n\n\n<p>&#8220;Esta investigaci\u00f3n tambi\u00e9n deber\u00eda proporcionar una nueva comprensi\u00f3n de que, si bien <em>P. falciparium<\/em> es un pat\u00f3geno parasitario mortal para los humanos y otros mam\u00edferos, definitivamente no es un pat\u00f3geno para los mosquitos&#8221;, dijo Zwiebel. &#8220;De hecho, nuestros datos sugieren fuertemente que existe una relaci\u00f3n simbi\u00f3tica mutua entre el g\u00e9nero del mosquito <em>Anopheles <\/em>y <em>P. falciparium<\/em>&#8220;.<\/p>\n\n\n\n<p><strong>\u00bfQu\u00e9 sigue?<br><\/strong>Estos datos informar\u00e1n los estudios futuros de los mosquitos <em>Anopheles <\/em>y <em>P. falciparium<\/em> y el esfuerzo mundial para reducir y erradicar la malaria humana. El laboratorio de Zwiebel comenzar\u00e1 a desentra\u00f1ar los mecanismos moleculares y celulares responsables del aumento de la sensibilidad olfativa en los mosquitos portadores de malaria.<\/p>\n\n\n\n<p>Fuente: <a href=\"https:\/\/phys.org\/news\/2021-11-mosquitoes-mutual-symbiotic-relationship-malaria-causing.html\">Phys.org<\/a>.<\/p>\n","protected":false},"excerpt":{"rendered":"<p>Laurence J. Zwiebel, profesor de Ciencias Biol\u00f3gicas de Cornelius Vanderbilt, forma parte de un equipo de investigadores de Vanderbilt y del Johns Hopkins Malaria Research Institute que est\u00e1n trabajando para comprender c\u00f3mo Plasmodium falciparium, el pat\u00f3geno que causa la malaria en los seres humanos, afecta a los mosquitos que propagan la enfermedad. La investigaci\u00f3n fue [&hellip;]<\/p>\n","protected":false},"author":1,"featured_media":0,"comment_status":"open","ping_status":"open","sticky":false,"template":"","format":"standard","meta":{"footnotes":""},"categories":[9],"tags":[],"class_list":["post-13858","post","type-post","status-publish","format-standard","hentry","category-biologia"],"_links":{"self":[{"href":"https:\/\/einsteresante.com\/index.php\/wp-json\/wp\/v2\/posts\/13858","targetHints":{"allow":["GET"]}}],"collection":[{"href":"https:\/\/einsteresante.com\/index.php\/wp-json\/wp\/v2\/posts"}],"about":[{"href":"https:\/\/einsteresante.com\/index.php\/wp-json\/wp\/v2\/types\/post"}],"author":[{"embeddable":true,"href":"https:\/\/einsteresante.com\/index.php\/wp-json\/wp\/v2\/users\/1"}],"replies":[{"embeddable":true,"href":"https:\/\/einsteresante.com\/index.php\/wp-json\/wp\/v2\/comments?post=13858"}],"version-history":[{"count":8,"href":"https:\/\/einsteresante.com\/index.php\/wp-json\/wp\/v2\/posts\/13858\/revisions"}],"predecessor-version":[{"id":13866,"href":"https:\/\/einsteresante.com\/index.php\/wp-json\/wp\/v2\/posts\/13858\/revisions\/13866"}],"wp:attachment":[{"href":"https:\/\/einsteresante.com\/index.php\/wp-json\/wp\/v2\/media?parent=13858"}],"wp:term":[{"taxonomy":"category","embeddable":true,"href":"https:\/\/einsteresante.com\/index.php\/wp-json\/wp\/v2\/categories?post=13858"},{"taxonomy":"post_tag","embeddable":true,"href":"https:\/\/einsteresante.com\/index.php\/wp-json\/wp\/v2\/tags?post=13858"}],"curies":[{"name":"wp","href":"https:\/\/api.w.org\/{rel}","templated":true}]}}