{"id":14394,"date":"2021-11-30T22:48:06","date_gmt":"2021-12-01T03:48:06","guid":{"rendered":"https:\/\/einsteresante.com\/?p=14394"},"modified":"2021-11-30T22:48:08","modified_gmt":"2021-12-01T03:48:08","slug":"el-dia-en-el-que-carl-sagan-hablo-ante-el-congreso-de-ee-uu-sobre-el-cambio-climatico","status":"publish","type":"post","link":"https:\/\/einsteresante.com\/index.php\/2021\/11\/30\/el-dia-en-el-que-carl-sagan-hablo-ante-el-congreso-de-ee-uu-sobre-el-cambio-climatico\/","title":{"rendered":"El d\u00eda en el que Carl Sagan habl\u00f3 ante el Congreso de EE.UU. sobre el cambio clim\u00e1tico"},"content":{"rendered":"\n<p>En 1985, cuando Carl Sagan fue al Congreso, el calentamiento global parec\u00eda un problema lejano. Por supuesto, empresas como Exxon, Shell y otras compa\u00f1\u00edas de combustibles f\u00f3siles eran muy conscientes de que sus acciones estaban causando el cambio clim\u00e1tico, e hicieron todo lo posible para ocultar este hecho al p\u00fablico, pero para la mayor\u00eda de la gente com\u00fan, el cambio clim\u00e1tico no era un problema preocupante en ese momento.<\/p>\n\n\n\n<p>Sagan, conocido por su trabajo como cient\u00edfico y como comunicador cient\u00edfico, fue al Congreso para &#8220;subrayar que se trata de un fen\u00f3meno real&#8221;. Con su caracter\u00edstico estilo simple y elegante, present\u00f3 las causas del cambio clim\u00e1tico, c\u00f3mo sabemos que est\u00e1 sucediendo y qu\u00e9 podemos hacer al respecto.<\/p>\n\n\n\n<p>\u201cEl poder de los seres humanos para afectar y controlar y cambiar el medio ambiente est\u00e1 creciendo a medida que crece nuestra tecnolog\u00eda y, en la actualidad, claramente hemos llegado a la etapa en la que somos capaces (tanto de forma intencionada como inadvertida) de realizar cambios significativos en el clima global y en el ecosistema global. Probablemente hemos estado haciendo cosas as\u00ed, a menor escala, durante un per\u00edodo de tiempo muy largo&#8221;, dijo Sagan.<\/p>\n\n\n\n<figure class=\"wp-block-embed is-type-video is-provider-youtube wp-block-embed-youtube wp-embed-aspect-4-3 wp-has-aspect-ratio\"><div class=\"wp-block-embed__wrapper\">\n<iframe loading=\"lazy\" title=\"Carl Sagan testifying before Congress in 1985 on climate change\" width=\"640\" height=\"480\" src=\"https:\/\/www.youtube.com\/embed\/Wp-WiNXH6hI?feature=oembed\" frameborder=\"0\" allow=\"accelerometer; autoplay; clipboard-write; encrypted-media; gyroscope; picture-in-picture; web-share\" referrerpolicy=\"strict-origin-when-cross-origin\" allowfullscreen><\/iframe>\n<\/div><\/figure>\n\n\n\n<p>Desafortunadamente, hace m\u00e1s de 30 a\u00f1os, Sagan tambi\u00e9n parec\u00eda predecir la raz\u00f3n principal por la que la humanidad tardar\u00eda tanto en actuar sobre el cambio clim\u00e1tico.<\/p>\n\n\n\n<p>&#8220;Debido a que los efectos ocupan m\u00e1s que una generaci\u00f3n humana, hay una tendencia a decir que no son nuestro problema, por supuesto, entonces no son un problema de nadie&#8221;. Entonces, como ahora, mucha gente cre\u00eda err\u00f3neamente que el cambio clim\u00e1tico es algo sobre lo que las generaciones futuras deben actuar.<\/p>\n\n\n\n<p>Pero, como se\u00f1ala Sagan, \u201csi no te preocupas por eso ahora, ser\u00e1 demasiado tarde para m\u00e1s adelante. [..]Estamos transmitiendo problemas extremadamente graves a nuestros hijos, cuando ahora es el momento de resolverlos\u201d.<\/p>\n\n\n\n<p>Desafortunadamente, a pesar del progreso tecnol\u00f3gico, nuestra sociedad parece tener un pie atascado en la misma mentalidad de la que habl\u00f3 Sagan en 1985. Debido a que el cambio clim\u00e1tico act\u00faa en una escala de tiempo tan larga y porque los humanos (y especialmente los pol\u00edticos) piensan en escalas de tiempo mucho m\u00e1s cortas, el cambio clim\u00e1tico sigue siendo insuficientemente abordado.<\/p>\n\n\n\n<p>Vale la pena escuchar el discurso de Sagan ahora tanto como lo fue entonces. Desde 1985, hemos reunido pruebas a\u00fan m\u00e1s irrefutables de que el cambio clim\u00e1tico est\u00e1 ocurriendo, lo estamos causando y sufriremos si no lo abordamos r\u00e1pidamente. No podemos decir que no nos hayan advertido. A\u00fan no est\u00e1 claro si actuaremos o no a tiempo para evitar da\u00f1os planetarios catastr\u00f3ficos.<\/p>\n\n\n\n<p>Fuente: <a href=\"https:\/\/www.zmescience.com\/ecology\/climate\/this-1985-video-of-carl-sagan-warning-congress-about-climate-is-just-as-sobering-now\/\">ZME Science<\/a>.<\/p>\n","protected":false},"excerpt":{"rendered":"<p>En 1985, cuando Carl Sagan fue al Congreso, el calentamiento global parec\u00eda un problema lejano. Por supuesto, empresas como Exxon, Shell y otras compa\u00f1\u00edas de combustibles f\u00f3siles eran muy conscientes de que sus acciones estaban causando el cambio clim\u00e1tico, e hicieron todo lo posible para ocultar este hecho al p\u00fablico, pero para la mayor\u00eda de [&hellip;]<\/p>\n","protected":false},"author":1,"featured_media":0,"comment_status":"open","ping_status":"open","sticky":false,"template":"","format":"standard","meta":{"footnotes":""},"categories":[10],"tags":[],"class_list":["post-14394","post","type-post","status-publish","format-standard","hentry","category-medio-ambiente"],"_links":{"self":[{"href":"https:\/\/einsteresante.com\/index.php\/wp-json\/wp\/v2\/posts\/14394","targetHints":{"allow":["GET"]}}],"collection":[{"href":"https:\/\/einsteresante.com\/index.php\/wp-json\/wp\/v2\/posts"}],"about":[{"href":"https:\/\/einsteresante.com\/index.php\/wp-json\/wp\/v2\/types\/post"}],"author":[{"embeddable":true,"href":"https:\/\/einsteresante.com\/index.php\/wp-json\/wp\/v2\/users\/1"}],"replies":[{"embeddable":true,"href":"https:\/\/einsteresante.com\/index.php\/wp-json\/wp\/v2\/comments?post=14394"}],"version-history":[{"count":9,"href":"https:\/\/einsteresante.com\/index.php\/wp-json\/wp\/v2\/posts\/14394\/revisions"}],"predecessor-version":[{"id":14404,"href":"https:\/\/einsteresante.com\/index.php\/wp-json\/wp\/v2\/posts\/14394\/revisions\/14404"}],"wp:attachment":[{"href":"https:\/\/einsteresante.com\/index.php\/wp-json\/wp\/v2\/media?parent=14394"}],"wp:term":[{"taxonomy":"category","embeddable":true,"href":"https:\/\/einsteresante.com\/index.php\/wp-json\/wp\/v2\/categories?post=14394"},{"taxonomy":"post_tag","embeddable":true,"href":"https:\/\/einsteresante.com\/index.php\/wp-json\/wp\/v2\/tags?post=14394"}],"curies":[{"name":"wp","href":"https:\/\/api.w.org\/{rel}","templated":true}]}}