{"id":1733,"date":"2020-09-26T10:39:52","date_gmt":"2020-09-26T15:39:52","guid":{"rendered":"http:\/\/einsteresante.com\/?p=1733"},"modified":"2020-09-26T10:39:53","modified_gmt":"2020-09-26T15:39:53","slug":"el-colapso-inmunologico-de-covid-19-esta-vinculado-a-una-enfermedad-terrible","status":"publish","type":"post","link":"https:\/\/einsteresante.com\/index.php\/2020\/09\/26\/el-colapso-inmunologico-de-covid-19-esta-vinculado-a-una-enfermedad-terrible\/","title":{"rendered":"El colapso inmunol\u00f3gico de COVID-19 est\u00e1 vinculado a una enfermedad terrible"},"content":{"rendered":"\n<p>Algunos casos graves de COVID-19, incluidos los de personas j\u00f3venes y sanas, podr\u00edan estar relacionados con la disfunci\u00f3n de sustancias qu\u00edmicas de se\u00f1alizaci\u00f3n inmunol\u00f3gica llamadas interferones tipo 1, seg\u00fan una encuesta de casi 1,000 personas con infecci\u00f3n por SARS-CoV-2 potencialmente mortal.<\/p>\n\n\n\n<p>Los interferones de tipo I son cruciales para montar una defensa contra la influenza y otros virus. Jean-Laurent Casanova de la Universidad Rockefeller en la ciudad de Nueva York y sus colegas analizaron el ADN de personas con COVID-19 severo, buscando mutaciones espec\u00edficas en genes que desencadenan la producci\u00f3n de interferones tipo I. El equipo descubri\u00f3 que el 3,5% de los participantes del estudio ten\u00edan tales mutaciones, lo que les imped\u00eda fabricar los qu\u00edmicos de se\u00f1alizaci\u00f3n.<\/p>\n\n\n\n<p>En un segundo estudio, de personas gravemente enfermas, Casanova, Paul Bastard de la Universidad de Par\u00eds y sus colegas buscaron autoanticuerpos, anticuerpos que, por razones desconocidas, atacan los propios tejidos y \u00f3rganos del cuerpo. Los investigadores encontraron que m\u00e1s del 10% de las personas con COVID-19 grave ten\u00edan autoanticuerpos dirigidos a la actividad del interfer\u00f3n tipo I, en comparaci\u00f3n con el 0,3% de la poblaci\u00f3n general. Los experimentos de laboratorio confirmaron que los autoanticuerpos anulaban la actividad del interfer\u00f3n tipo I.<\/p>\n\n\n\n<p>Los investigadores sugieren que los interferones podr\u00edan usarse como terapias para la enfermedad.<\/p>\n\n\n\n<p>Fuente: <a href=\"https:\/\/www.nature.com\/articles\/d41586-020-00502-w\">Nature<\/a>.<br>\u00a0<\/p>\n","protected":false},"excerpt":{"rendered":"<p>Algunos casos graves de COVID-19, incluidos los de personas j\u00f3venes y sanas, podr\u00edan estar relacionados con la disfunci\u00f3n de sustancias qu\u00edmicas de se\u00f1alizaci\u00f3n inmunol\u00f3gica llamadas interferones tipo 1, seg\u00fan una encuesta de casi 1,000 personas con infecci\u00f3n por SARS-CoV-2 potencialmente mortal. Los interferones de tipo I son cruciales para montar una defensa contra la influenza [&hellip;]<\/p>\n","protected":false},"author":1,"featured_media":0,"comment_status":"open","ping_status":"open","sticky":false,"template":"","format":"standard","meta":{"footnotes":""},"categories":[7],"tags":[],"class_list":["post-1733","post","type-post","status-publish","format-standard","hentry","category-salud-y-medicina"],"_links":{"self":[{"href":"https:\/\/einsteresante.com\/index.php\/wp-json\/wp\/v2\/posts\/1733","targetHints":{"allow":["GET"]}}],"collection":[{"href":"https:\/\/einsteresante.com\/index.php\/wp-json\/wp\/v2\/posts"}],"about":[{"href":"https:\/\/einsteresante.com\/index.php\/wp-json\/wp\/v2\/types\/post"}],"author":[{"embeddable":true,"href":"https:\/\/einsteresante.com\/index.php\/wp-json\/wp\/v2\/users\/1"}],"replies":[{"embeddable":true,"href":"https:\/\/einsteresante.com\/index.php\/wp-json\/wp\/v2\/comments?post=1733"}],"version-history":[{"count":1,"href":"https:\/\/einsteresante.com\/index.php\/wp-json\/wp\/v2\/posts\/1733\/revisions"}],"predecessor-version":[{"id":1735,"href":"https:\/\/einsteresante.com\/index.php\/wp-json\/wp\/v2\/posts\/1733\/revisions\/1735"}],"wp:attachment":[{"href":"https:\/\/einsteresante.com\/index.php\/wp-json\/wp\/v2\/media?parent=1733"}],"wp:term":[{"taxonomy":"category","embeddable":true,"href":"https:\/\/einsteresante.com\/index.php\/wp-json\/wp\/v2\/categories?post=1733"},{"taxonomy":"post_tag","embeddable":true,"href":"https:\/\/einsteresante.com\/index.php\/wp-json\/wp\/v2\/tags?post=1733"}],"curies":[{"name":"wp","href":"https:\/\/api.w.org\/{rel}","templated":true}]}}