{"id":2085,"date":"2020-10-15T14:57:02","date_gmt":"2020-10-15T19:57:02","guid":{"rendered":"http:\/\/einsteresante.com\/?p=2085"},"modified":"2020-10-15T14:57:04","modified_gmt":"2020-10-15T19:57:04","slug":"el-coronavirus-se-encoge-de-hombros-ante-los-cambios-de-temperatura-estacionales","status":"publish","type":"post","link":"https:\/\/einsteresante.com\/index.php\/2020\/10\/15\/el-coronavirus-se-encoge-de-hombros-ante-los-cambios-de-temperatura-estacionales\/","title":{"rendered":"El coronavirus se encoge de hombros ante los cambios de temperatura estacionales"},"content":{"rendered":"\n<p>La llegada de la primavera y el verano no ralentiza la transmisi\u00f3n del SARS-CoV-2, dicen los investigadores que estudiaron las primeras etapas de la pandemia.<\/p>\n\n\n\n<p>Los virus de la influenza sobreviven m\u00e1s tiempo fuera del cuerpo en aire fr\u00edo y seco que en ambientes m\u00e1s c\u00e1lidos y h\u00famedos, lo que les da la oportunidad de infectar a m\u00e1s personas en invierno que en primavera y verano. La investigaci\u00f3n ha dado una imagen mixta de si el nuevo coronavirus muestra un comportamiento similar.<\/p>\n\n\n\n<p>Para ver c\u00f3mo los cambios de estaci\u00f3n afectaron la propagaci\u00f3n del virus en China, Canelle Poirier y Mauricio Santillana de la Facultad de Medicina de Harvard en Boston, Massachusetts, y sus colegas crearon un modelo que incorpora datos de China recopilados entre mediados de enero y mediados de febrero. Estos datos incluyeron recuentos de casos de COVID-19, condiciones clim\u00e1ticas e informaci\u00f3n sobre viajes nacionales. El modelo tambi\u00e9n tom\u00f3 en cuenta los bloqueos instigados por el gobierno.<\/p>\n\n\n\n<p>El equipo descubri\u00f3 que el clima por s\u00ed solo no pod\u00eda explicar la variabilidad en la propagaci\u00f3n del virus, que continu\u00f3 en \u00e1reas de China con climas tropicales y tambi\u00e9n en aquellas que son fr\u00edas y secas.<\/p>\n\n\n\n<p>Fuente: <a href=\"https:\/\/www.nature.com\/articles\/d41586-020-00502-w\">Nature<\/a>.<\/p>\n","protected":false},"excerpt":{"rendered":"<p>La llegada de la primavera y el verano no ralentiza la transmisi\u00f3n del SARS-CoV-2, dicen los investigadores que estudiaron las primeras etapas de la pandemia. Los virus de la influenza sobreviven m\u00e1s tiempo fuera del cuerpo en aire fr\u00edo y seco que en ambientes m\u00e1s c\u00e1lidos y h\u00famedos, lo que les da la oportunidad de [&hellip;]<\/p>\n","protected":false},"author":1,"featured_media":0,"comment_status":"open","ping_status":"open","sticky":false,"template":"","format":"standard","meta":{"footnotes":""},"categories":[7],"tags":[],"class_list":["post-2085","post","type-post","status-publish","format-standard","hentry","category-salud-y-medicina"],"_links":{"self":[{"href":"https:\/\/einsteresante.com\/index.php\/wp-json\/wp\/v2\/posts\/2085","targetHints":{"allow":["GET"]}}],"collection":[{"href":"https:\/\/einsteresante.com\/index.php\/wp-json\/wp\/v2\/posts"}],"about":[{"href":"https:\/\/einsteresante.com\/index.php\/wp-json\/wp\/v2\/types\/post"}],"author":[{"embeddable":true,"href":"https:\/\/einsteresante.com\/index.php\/wp-json\/wp\/v2\/users\/1"}],"replies":[{"embeddable":true,"href":"https:\/\/einsteresante.com\/index.php\/wp-json\/wp\/v2\/comments?post=2085"}],"version-history":[{"count":1,"href":"https:\/\/einsteresante.com\/index.php\/wp-json\/wp\/v2\/posts\/2085\/revisions"}],"predecessor-version":[{"id":2087,"href":"https:\/\/einsteresante.com\/index.php\/wp-json\/wp\/v2\/posts\/2085\/revisions\/2087"}],"wp:attachment":[{"href":"https:\/\/einsteresante.com\/index.php\/wp-json\/wp\/v2\/media?parent=2085"}],"wp:term":[{"taxonomy":"category","embeddable":true,"href":"https:\/\/einsteresante.com\/index.php\/wp-json\/wp\/v2\/categories?post=2085"},{"taxonomy":"post_tag","embeddable":true,"href":"https:\/\/einsteresante.com\/index.php\/wp-json\/wp\/v2\/tags?post=2085"}],"curies":[{"name":"wp","href":"https:\/\/api.w.org\/{rel}","templated":true}]}}