{"id":21334,"date":"2022-05-29T02:53:24","date_gmt":"2022-05-29T07:53:24","guid":{"rendered":"https:\/\/einsteresante.com\/?p=21334"},"modified":"2022-05-29T02:53:25","modified_gmt":"2022-05-29T07:53:25","slug":"las-armas-son-ahora-la-primera-causa-de-muerte-entre-la-juventud-estadounidense","status":"publish","type":"post","link":"https:\/\/einsteresante.com\/index.php\/2022\/05\/29\/las-armas-son-ahora-la-primera-causa-de-muerte-entre-la-juventud-estadounidense\/","title":{"rendered":"Las armas son ahora la primera causa de muerte entre la juventud estadounidense"},"content":{"rendered":"\n<p>Apenas unos d\u00edas despu\u00e9s de otro tiroteo mortal en una escuela primaria en los EE. UU., los expertos en salud destacan que las armas de fuego son ahora la principal causa de muerte de ni\u00f1os y adolescentes de 0 a 19 a\u00f1os en todo el pa\u00eds, con un sorprendente aumento del 83% en las muertes de j\u00f3venes por armas de fuego en la \u00faltima d\u00e9cada. Diecinueve ni\u00f1os y dos maestros fueron asesinados esta semana en una masacre a tiros en Uvalde, Texas. Fue el segundo tiroteo en una escuela m\u00e1s mort\u00edfero en la historia de los EE. UU. y provoc\u00f3 llamados a tomar medidas urgentes para reducir tales muertes. Sin embargo, pocos temas est\u00e1n tan polarizados pol\u00edticamente en los EE. UU. como la pol\u00edtica de armas, y la mayor\u00eda de las propuestas carecen de apoyo bipartidista.<\/p>\n\n\n\n<p>Una encuesta nacional reciente del <a href=\"https:\/\/www.pewresearch.org\/politics\/2021\/04\/20\/amid-a-series-of-mass-shootings-in-the-u-s-gun-policy-remains-deeply-divisive\/\">Centro de Investigaci\u00f3n Pew<\/a> mostr\u00f3 que el 73% de los dem\u00f3cratas considera que la violencia armada es un problema muy grande para el pa\u00eds, en comparaci\u00f3n con el 18% de los republicanos que dicen lo mismo. Esta brecha partidista tambi\u00e9n est\u00e1 creciendo: las divisiones sobre las armas han estado creciendo de manera constante desde 2016, y la juventud de Estados Unidos est\u00e1 pagando el precio. Dado que es poco probable que los partidarios detengan la pol\u00edtica de armas, independientemente de cu\u00e1ntos tiroteos ocurran, encontrar soluciones no es f\u00e1cil.<\/p>\n\n\n\n<p>\u201cDebemos revertir esta tendencia profundamente preocupante e inaceptable en las muertes por armas de fuego de j\u00f3venes, especialmente entre los j\u00f3venes de color\u201d, dijo en un comunicado la m\u00e9dica Karen Sheehan, coautora del art\u00edculo de comentario. \u201cNecesitamos m\u00e1s fondos asignados a los esfuerzos de prevenci\u00f3n basados \u200b\u200ben la investigaci\u00f3n para que podamos salvar vidas j\u00f3venes antes de que sea demasiado tarde\u201d.<\/p>\n\n\n\n<p>La situaci\u00f3n ha empeorado tanto que las armas de fuego se han convertido en la principal causa de muerte entre los j\u00f3venes en los EE. UU. Hay un aumento en las muertes por armas de fuego (83% desde 2013) y una disminuci\u00f3n en las muertes por veh\u00edculos motorizados (51% desde 2000), escribieron los autores. Este aumento en las muertes por armas de fuego se debe a m\u00e1s homicidios por armas de fuego, ya que el 60% de las muertes por armas de fuego entre los j\u00f3venes desde 2010 fueron homicidios. Si bien las muertes por armas de fuego comenzaron a aumentar en 2014, los autores argumentan que la &#8220;conmoci\u00f3n social de la pandemia&#8221; probablemente aceler\u00f3 el aumento con la disminuci\u00f3n del bienestar y la escalada de factores estresantes de salud mental. Los cambios en la vida de los j\u00f3venes durante la pandemia ocurrieron despu\u00e9s de un largo vac\u00edo de esfuerzos de prevenci\u00f3n para disminuir las muertes por armas de fuego, agregaron.<\/p>\n\n\n\n<p>\u201cLas bases para la prevenci\u00f3n de lesiones por armas de fuego reci\u00e9n comienzan a establecerse, lo que contrasta con otros sistemas de prevenci\u00f3n de lesiones instituidos\u201d, escribieron. \u201cLa prevenci\u00f3n de lesiones por veh\u00edculos motorizados tiene una infraestructura y ha llevado a una gran disminuci\u00f3n en las muertes. Para las armas de fuego, la ausencia de un enfoque de salud p\u00fablica intencional y met\u00f3dico ha llevado a resultados opuestos\u201d.<\/p>\n\n\n\n<p>Mirando m\u00e1s de cerca las estad\u00edsticas recientes, tambi\u00e9n hay grandes disparidades raciales y \u00e9tnicas cuando se trata de violencia armada juvenil. Los j\u00f3venes negros no hispanos (15-19 a\u00f1os) tuvieron un aumento del 40% en las muertes por armas de fuego entre 2019 y 2020. S\u00f3lo en 2020, los adolescentes negros murieron por homicidio con arma de fuego a una tasa 21 veces mayor que la de los adolescentes blancos, seg\u00fan la datos m\u00e1s recientes de los CDC.<\/p>\n\n\n\n<p>En su comentario publicado en The Lancet, los autores argumentan que estas disparidades raciales \u201ctienen sus ra\u00edces en la pobreza y el racismo estructural y cultural\u201d en Estados Unidos. Esto conduce a una \u201cpercepci\u00f3n sesgada de la violencia relacionada con las armas de fuego en la poblaci\u00f3n minoritaria\u201d y tambi\u00e9n reduce el sentido de urgencia del problema, agregaron, y pidieron que los legisladores tomen m\u00e1s medidas para abordar el problema.<\/p>\n\n\n\n<p>Una pieza crucial para la prevenci\u00f3n son los sistemas de datos robustos para lesiones y muertes por armas de fuego, argumentan. La vigilancia de lesiones por armas de fuego no mortales comenz\u00f3 en 2020 en diez estados con fondos de los CDC. Un mejor uso de estos sistemas de datos podr\u00eda marcar la diferencia, pero se necesita una mayor financiaci\u00f3n de la investigaci\u00f3n para avanzar en la comprensi\u00f3n cient\u00edfica de la prevenci\u00f3n de lesiones por armas de fuego, agregaron.<\/p>\n\n\n\n<p>&#8220;Adem\u00e1s de comprender mejor los factores de riesgo y protecci\u00f3n de las lesiones y muertes por armas de fuego, es esencial contar con m\u00e1s fondos para desarrollar, implementar y evaluar las intervenciones de prevenci\u00f3n de lesiones por armas de fuego a nivel individual, hospitalario, comunitario y normativo&#8221;, dijo la coautora Samaa Kemal en un comunicado.<\/p>\n\n\n\n<p>El comentario fue publicado en la revista <a href=\"https:\/\/www.thelancet.com\/journals\/lanchi\/article\/PIIS2352-4642(22)00158-4\/fulltext\">The Lancet<\/a>.<\/p>\n\n\n\n<p>Fuente: <a href=\"https:\/\/www.zmescience.com\/science\/news-science\/guns-killing-us-youth-29052022\/\">ZME Science<\/a>.<\/p>\n","protected":false},"excerpt":{"rendered":"<p>Apenas unos d\u00edas despu\u00e9s de otro tiroteo mortal en una escuela primaria en los EE. UU., los expertos en salud destacan que las armas de fuego son ahora la principal causa de muerte de ni\u00f1os y adolescentes de 0 a 19 a\u00f1os en todo el pa\u00eds, con un sorprendente aumento del 83% en las muertes [&hellip;]<\/p>\n","protected":false},"author":1,"featured_media":0,"comment_status":"open","ping_status":"open","sticky":false,"template":"","format":"standard","meta":{"footnotes":""},"categories":[22],"tags":[],"class_list":["post-21334","post","type-post","status-publish","format-standard","hentry","category-politica-y-sociedad"],"_links":{"self":[{"href":"https:\/\/einsteresante.com\/index.php\/wp-json\/wp\/v2\/posts\/21334","targetHints":{"allow":["GET"]}}],"collection":[{"href":"https:\/\/einsteresante.com\/index.php\/wp-json\/wp\/v2\/posts"}],"about":[{"href":"https:\/\/einsteresante.com\/index.php\/wp-json\/wp\/v2\/types\/post"}],"author":[{"embeddable":true,"href":"https:\/\/einsteresante.com\/index.php\/wp-json\/wp\/v2\/users\/1"}],"replies":[{"embeddable":true,"href":"https:\/\/einsteresante.com\/index.php\/wp-json\/wp\/v2\/comments?post=21334"}],"version-history":[{"count":15,"href":"https:\/\/einsteresante.com\/index.php\/wp-json\/wp\/v2\/posts\/21334\/revisions"}],"predecessor-version":[{"id":21349,"href":"https:\/\/einsteresante.com\/index.php\/wp-json\/wp\/v2\/posts\/21334\/revisions\/21349"}],"wp:attachment":[{"href":"https:\/\/einsteresante.com\/index.php\/wp-json\/wp\/v2\/media?parent=21334"}],"wp:term":[{"taxonomy":"category","embeddable":true,"href":"https:\/\/einsteresante.com\/index.php\/wp-json\/wp\/v2\/categories?post=21334"},{"taxonomy":"post_tag","embeddable":true,"href":"https:\/\/einsteresante.com\/index.php\/wp-json\/wp\/v2\/tags?post=21334"}],"curies":[{"name":"wp","href":"https:\/\/api.w.org\/{rel}","templated":true}]}}