{"id":22323,"date":"2022-06-15T03:00:39","date_gmt":"2022-06-15T08:00:39","guid":{"rendered":"https:\/\/einsteresante.com\/?p=22323"},"modified":"2022-06-15T03:00:41","modified_gmt":"2022-06-15T08:00:41","slug":"la-deficiencia-de-vitamina-d-esta-ligada-directamente-a-la-demencia","status":"publish","type":"post","link":"https:\/\/einsteresante.com\/index.php\/2022\/06\/15\/la-deficiencia-de-vitamina-d-esta-ligada-directamente-a-la-demencia\/","title":{"rendered":"La deficiencia de vitamina D est\u00e1 ligada directamente a la demencia"},"content":{"rendered":"\n<p>La demencia es una de las principales causas de discapacidad y dependencia entre las personas mayores en todo el mundo y afecta el pensamiento y el comportamiento a medida que envejece. Pero, \u00bfy si pudieras detener esta enfermedad degenerativa en seco?<\/p>\n\n\n\n<p>Un primer estudio mundial de la Universidad de Australia del Sur podr\u00eda hacer que esto sea una realidad, ya que una nueva investigaci\u00f3n gen\u00e9tica muestra un v\u00ednculo directo entre la demencia y la falta de vitamina D.<\/p>\n\n\n\n<p>Al investigar la asociaci\u00f3n entre la vitamina D, las caracter\u00edsticas de neuroimagen y el riesgo de demencia y accidente cerebrovascular, el estudio encontr\u00f3:<\/p>\n\n\n\n<p>-Los niveles bajos de vitamina D se asociaron con vol\u00famenes cerebrales m\u00e1s bajos y un mayor riesgo de demencia y accidente cerebrovascular.<\/p>\n\n\n\n<p>-Los an\u00e1lisis gen\u00e9ticos respaldaron un efecto causal de la deficiencia de vitamina D y la demencia.<\/p>\n\n\n\n<p>-En algunas poblaciones, hasta el 17 % de los casos de demencia podr\u00edan prevenirse aumentando todos los niveles de vitamina D (50 nmol\/L) a niveles normales.<\/p>\n\n\n\n<p>La demencia es un s\u00edndrome cr\u00f3nico o progresivo que conduce al deterioro de la funci\u00f3n cognitiva. Alrededor de 487.500 australianos viven con demencia y es la segunda causa de muerte en el pa\u00eds. A nivel mundial, m\u00e1s de 55 millones de personas tienen demencia con 10 millones de nuevos casos diagnosticados cada a\u00f1o.<\/p>\n\n\n\n<p>Publicado en The American Journal of Clinical Nutrition, el estudio gen\u00e9tico analiz\u00f3 datos de 294.514 participantes del Biobanco del Reino Unido, examinando el impacto de niveles bajos de vitamina D (25 nmol\/L) y el riesgo de demencia y accidente cerebrovascular. La aleatorizaci\u00f3n mendeliana (RM) no lineal, un m\u00e9todo que utiliza la variaci\u00f3n medida en los genes para examinar el efecto causal de una exposici\u00f3n modificable en la enfermedad, se utiliz\u00f3 para probar la causalidad subyacente de los resultados de las neuroim\u00e1genes, la demencia y el accidente cerebrovascular. La investigadora principal y directora del Centro Australiano para la Salud de Precisi\u00f3n de UniSA, la profesora Elina Hypp\u00f6nen, dice que los hallazgos son importantes para la prevenci\u00f3n de la demencia y aprecian la necesidad de eliminar la deficiencia de vitamina D.<\/p>\n\n\n\n<p>&#8220;La vitamina D es un precursor de la hormona que se reconoce cada vez m\u00e1s por sus efectos generalizados, incluso en la salud del cerebro, pero hasta ahora ha sido muy dif\u00edcil examinar qu\u00e9 suceder\u00eda si pudi\u00e9ramos prevenir la deficiencia de vitamina D&#8221;, dice la profesora Hypp\u00f6nen.<\/p>\n\n\n\n<p>&#8220;Nuestro estudio es el primero en examinar el efecto de niveles muy bajos de vitamina D sobre los riesgos de demencia y accidente cerebrovascular, mediante an\u00e1lisis gen\u00e9ticos s\u00f3lidos en una gran poblaci\u00f3n.<\/p>\n\n\n\n<p>&#8220;En algunos contextos, donde la deficiencia de vitamina D es relativamente com\u00fan, nuestros hallazgos tienen implicaciones importantes para los riesgos de demencia. De hecho, en esta poblaci\u00f3n del Reino Unido observamos que hasta el 17% de los casos de demencia podr\u00edan haberse evitado aumentando los niveles de vitamina D para que est\u00e9n dentro de los un rango normal&#8221;.<\/p>\n\n\n\n<p>Los hallazgos son incre\u00edblemente significativos dada la alta prevalencia de demencia en todo el mundo.<\/p>\n\n\n\n<p>&#8220;La demencia es una enfermedad progresiva y debilitante que puede devastar tanto a individuos como a familias&#8221;, dice la profesora Hypp\u00f6nen. &#8220;Si somos capaces de cambiar esta realidad asegur\u00e1ndonos de que ninguno de nosotros tenga una deficiencia severa de vitamina D, tambi\u00e9n tendr\u00eda m\u00e1s beneficios y podr\u00edamos cambiar la salud y el bienestar de miles&#8221;.<\/p>\n\n\n\n<p>&#8220;Es probable que la mayor\u00eda de nosotros estemos bien, pero para cualquier persona que, por cualquier motivo, no reciba suficiente vitamina D del sol, las modificaciones en la dieta pueden no ser suficientes y es posible que se necesiten suplementos&#8221;.<\/p>\n\n\n\n<p>Fuente: <a href=\"https:\/\/medicalxpress.com\/news\/2022-06-vitamin-d-deficiency-linked-dementia.html\">Medical Xpress<\/a>.<\/p>\n","protected":false},"excerpt":{"rendered":"<p>La demencia es una de las principales causas de discapacidad y dependencia entre las personas mayores en todo el mundo y afecta el pensamiento y el comportamiento a medida que envejece. Pero, \u00bfy si pudieras detener esta enfermedad degenerativa en seco? Un primer estudio mundial de la Universidad de Australia del Sur podr\u00eda hacer que [&hellip;]<\/p>\n","protected":false},"author":1,"featured_media":0,"comment_status":"open","ping_status":"open","sticky":false,"template":"","format":"standard","meta":{"footnotes":""},"categories":[7],"tags":[],"class_list":["post-22323","post","type-post","status-publish","format-standard","hentry","category-salud-y-medicina"],"_links":{"self":[{"href":"https:\/\/einsteresante.com\/index.php\/wp-json\/wp\/v2\/posts\/22323","targetHints":{"allow":["GET"]}}],"collection":[{"href":"https:\/\/einsteresante.com\/index.php\/wp-json\/wp\/v2\/posts"}],"about":[{"href":"https:\/\/einsteresante.com\/index.php\/wp-json\/wp\/v2\/types\/post"}],"author":[{"embeddable":true,"href":"https:\/\/einsteresante.com\/index.php\/wp-json\/wp\/v2\/users\/1"}],"replies":[{"embeddable":true,"href":"https:\/\/einsteresante.com\/index.php\/wp-json\/wp\/v2\/comments?post=22323"}],"version-history":[{"count":9,"href":"https:\/\/einsteresante.com\/index.php\/wp-json\/wp\/v2\/posts\/22323\/revisions"}],"predecessor-version":[{"id":22332,"href":"https:\/\/einsteresante.com\/index.php\/wp-json\/wp\/v2\/posts\/22323\/revisions\/22332"}],"wp:attachment":[{"href":"https:\/\/einsteresante.com\/index.php\/wp-json\/wp\/v2\/media?parent=22323"}],"wp:term":[{"taxonomy":"category","embeddable":true,"href":"https:\/\/einsteresante.com\/index.php\/wp-json\/wp\/v2\/categories?post=22323"},{"taxonomy":"post_tag","embeddable":true,"href":"https:\/\/einsteresante.com\/index.php\/wp-json\/wp\/v2\/tags?post=22323"}],"curies":[{"name":"wp","href":"https:\/\/api.w.org\/{rel}","templated":true}]}}