{"id":2272,"date":"2020-10-29T08:28:26","date_gmt":"2020-10-29T13:28:26","guid":{"rendered":"http:\/\/einsteresante.com\/?p=2272"},"modified":"2020-10-29T08:28:27","modified_gmt":"2020-10-29T13:28:27","slug":"escaneres-cerebrales-muestran-varias-anomalias-de-covid-19-que-no-podemos-explicar-completamente","status":"publish","type":"post","link":"https:\/\/einsteresante.com\/index.php\/2020\/10\/29\/escaneres-cerebrales-muestran-varias-anomalias-de-covid-19-que-no-podemos-explicar-completamente\/","title":{"rendered":"Esc\u00e1neres cerebrales muestran varias anomal\u00edas de COVID-19 que no podemos explicar completamente"},"content":{"rendered":"\n<p>Entre los muchos s\u00edntomas graves del COVID-19, los extra\u00f1os efectos neurol\u00f3gicos experimentados por muchos pacientes cuentan como quiz\u00e1s los m\u00e1s misteriosos.<\/p>\n\n\n\n<p>Una p\u00e9rdida repentina del olfato y el gusto fue uno de los primeros s\u00edntomas inusuales informados por los pacientes con COVID-19, pero se han descrito accidentes cerebrovasculares, convulsiones e inflamaci\u00f3n del cerebro (llamada encefalitis).<\/p>\n\n\n\n<p>Algunos pacientes diagnosticados con COVID-19 tambi\u00e9n experimentan confusi\u00f3n, delirio, mareos y dificultad para concentrarse, seg\u00fan informes de casos y revisiones.<\/p>\n\n\n\n<p>Durante varios meses, los m\u00e9dicos han estado tratando incansablemente de comprender esta enfermedad y sus muchas manifestaciones que parecen afectar al cerebro de formas que no podemos explicar por completo.<\/p>\n\n\n\n<p>Para sintetizar algunos de los datos que se acumulan r\u00e1pidamente, dos neur\u00f3logos han realizado una revisi\u00f3n de la investigaci\u00f3n que explora c\u00f3mo el COVID-19 altera los patrones de la funci\u00f3n normal del cerebro, que se puede medir con un EEG.<\/p>\n\n\n\n<p>Un EEG, abreviatura de electroencefalograma, registra la actividad el\u00e9ctrica en diferentes partes del cerebro de una persona, generalmente mediante el uso de electrodos que se colocan en el cuero cabelludo.<\/p>\n\n\n\n<p>En su revisi\u00f3n, los investigadores recopilaron datos sobre casi 620 pacientes COVID positivos de 84 estudios, publicados en revistas revisadas por pares y servidores de preimpresi\u00f3n, donde los datos de la forma de onda del EEG estaban disponibles para analizar.<\/p>\n\n\n\n<p>Observar los resultados del EEG podr\u00eda indicar alguna forma de encefalopat\u00eda relacionada con COVID en estos pacientes: signos de deterioro o alteraci\u00f3n de la funci\u00f3n cerebral.<\/p>\n\n\n\n<p>Aproximadamente dos tercios de los pacientes de los estudios eran varones y la mediana de edad era de 61 a\u00f1os. Algunas personas tambi\u00e9n ten\u00edan una condici\u00f3n preexistente, como la demencia, que podr\u00eda alterar una lectura de EEG, que los investigadores consideraron al evaluar los resultados de sus pruebas.<\/p>\n\n\n\n<p>Entre los 420 pacientes en los que se registr\u00f3 la base para solicitar un EEG, la raz\u00f3n m\u00e1s com\u00fan fue un estado mental alterado: cerca de dos tercios de los pacientes estudiados hab\u00edan experimentado alg\u00fan delirio, coma o confusi\u00f3n.<\/p>\n\n\n\n<p>Alrededor del 30% de los pacientes hab\u00edan tenido un evento similar a una convulsi\u00f3n, lo que llev\u00f3 a su m\u00e9dico a ordenar un EEG, mientras que un pu\u00f1ado de pacientes ten\u00eda problemas del habla. Otros experimentaron un paro card\u00edaco repentino, que podr\u00eda haber interrumpido el flujo sangu\u00edneo al cerebro.<\/p>\n\n\n\n<p>Los electroencefalogramas de los pacientes mostraron un espectro completo de anomal\u00edas en la actividad cerebral, incluidos algunos patrones r\u00edtmicos y picos de actividad de tipo epil\u00e9ptico. La anomal\u00eda m\u00e1s com\u00fan observada fue la desaceleraci\u00f3n difusa, que es una desaceleraci\u00f3n general de las ondas cerebrales que indica una disfunci\u00f3n general de la actividad cerebral.<\/p>\n\n\n\n<p>En el caso de COVID, este deterioro podr\u00eda ser el resultado de una inflamaci\u00f3n generalizada, ya que el cuerpo aumenta su respuesta inmune, o posiblemente un flujo sangu\u00edneo reducido al cerebro, si el coraz\u00f3n y los pulmones est\u00e1n d\u00e9biles.<\/p>\n\n\n\n<p>En cuanto a los efectos localizados, un tercio de todas las anomal\u00edas detectadas se detectaron en el l\u00f3bulo frontal, la parte del cerebro que se encarga de las tareas del pensamiento ejecutivo, como el razonamiento l\u00f3gico y la toma de decisiones. El l\u00f3bulo frontal tambi\u00e9n nos ayuda a regular nuestras emociones, controlar nuestro comportamiento y participa en el aprendizaje y la atenci\u00f3n.<\/p>\n\n\n\n<p>&#8220;Estos hallazgos nos dicen que debemos probar el electroencefalograma en una gama m\u00e1s amplia de pacientes, as\u00ed como otros tipos de im\u00e1genes cerebrales, como resonancias magn\u00e9ticas o tomograf\u00edas computarizadas, que nos dar\u00e1n una mirada m\u00e1s cercana al l\u00f3bulo frontal&#8221;, dijo el neur\u00f3logo y el coautor Zulfi Haneef del Baylor College of Medicine en Houston.<\/p>\n\n\n\n<p>Con el tiempo, un EEG podr\u00eda ayudar a consolidar un diagn\u00f3stico de COVID-19 o sugerir posibles complicaciones. Hacerlo podr\u00eda ayudar a los m\u00e9dicos a monitorear las complicaciones a largo plazo del COVID-19 y detectar cualquier efecto duradero en la funci\u00f3n cerebral del paciente.<\/p>\n\n\n\n<p>Desafortunadamente, tal como est\u00e1n los resultados, no dan ninguna indicaci\u00f3n de cu\u00e1n raras o comunes son estas alteraciones de las ondas cerebrales en la poblaci\u00f3n en general, ya que solo los pacientes con COVID-19 que se sometieron a una prueba de EEG se incluyeron en el an\u00e1lisis.<\/p>\n\n\n\n<p>Pero se suma a la creciente evidencia de que el nuevo coronavirus puede tener un impacto grave en nuestra salud neurol\u00f3gica.<\/p>\n\n\n\n<p>&#8220;Se necesita m\u00e1s investigaci\u00f3n, pero estos hallazgos nos muestran que estas son \u00e1reas en las que debemos enfocarnos a medida que avanzamos&#8221;, dijo Haneef.<\/p>\n\n\n\n<p>&#8220;Las anomal\u00edas del electroencefalograma que afectan al l\u00f3bulo frontal parecen ser comunes en la encefalopat\u00eda COVID-19, y se ha propuesto como un biomarcador potencial si se registra de manera consistente&#8221;, escribieron los autores en su art\u00edculo.<\/p>\n\n\n\n<p>A medida que avanza la pandemia, hemos llegado a comprender cu\u00e1n obstinado puede ser el COVID-19, y los pacientes denominados &#8216;transportistas largos&#8217; describen c\u00f3mo no pueden deshacerse de los s\u00edntomas y a\u00fan se sienten fatigados meses despu\u00e9s de ser diagnosticados.<\/p>\n\n\n\n<p>&#8220;Mucha gente cree que contraer\u00e1 la enfermedad, se pondr\u00e1 bien y todo volver\u00e1 a la normalidad&#8221;, dijo Haneef en un comunicado.<\/p>\n\n\n\n<p>&#8220;Pero estos hallazgos nos dicen que podr\u00eda haber problemas a largo plazo, que es algo que sospech\u00e1bamos y ahora estamos encontrando m\u00e1s evidencia que lo respalde&#8221;.<\/p>\n\n\n\n<p><em>Este art\u00edculo es una traducci\u00f3n de otro publicado en\u00a0<a href=\"https:\/\/www.sciencealert.com\/\">Science Alert<\/a>. Puedes leer el texto original haciendo clic\u00a0<a href=\"https:\/\/www.sciencealert.com\/how-covid-disturbs-brain-waves\">aqu\u00ed<\/a>.<\/em><\/p>\n","protected":false},"excerpt":{"rendered":"<p>Entre los muchos s\u00edntomas graves del COVID-19, los extra\u00f1os efectos neurol\u00f3gicos experimentados por muchos pacientes cuentan como quiz\u00e1s los m\u00e1s misteriosos. Una p\u00e9rdida repentina del olfato y el gusto fue uno de los primeros s\u00edntomas inusuales informados por los pacientes con COVID-19, pero se han descrito accidentes cerebrovasculares, convulsiones e inflamaci\u00f3n del cerebro (llamada encefalitis). [&hellip;]<\/p>\n","protected":false},"author":1,"featured_media":0,"comment_status":"open","ping_status":"open","sticky":false,"template":"","format":"standard","meta":{"footnotes":""},"categories":[7],"tags":[],"class_list":["post-2272","post","type-post","status-publish","format-standard","hentry","category-salud-y-medicina"],"_links":{"self":[{"href":"https:\/\/einsteresante.com\/index.php\/wp-json\/wp\/v2\/posts\/2272","targetHints":{"allow":["GET"]}}],"collection":[{"href":"https:\/\/einsteresante.com\/index.php\/wp-json\/wp\/v2\/posts"}],"about":[{"href":"https:\/\/einsteresante.com\/index.php\/wp-json\/wp\/v2\/types\/post"}],"author":[{"embeddable":true,"href":"https:\/\/einsteresante.com\/index.php\/wp-json\/wp\/v2\/users\/1"}],"replies":[{"embeddable":true,"href":"https:\/\/einsteresante.com\/index.php\/wp-json\/wp\/v2\/comments?post=2272"}],"version-history":[{"count":2,"href":"https:\/\/einsteresante.com\/index.php\/wp-json\/wp\/v2\/posts\/2272\/revisions"}],"predecessor-version":[{"id":2275,"href":"https:\/\/einsteresante.com\/index.php\/wp-json\/wp\/v2\/posts\/2272\/revisions\/2275"}],"wp:attachment":[{"href":"https:\/\/einsteresante.com\/index.php\/wp-json\/wp\/v2\/media?parent=2272"}],"wp:term":[{"taxonomy":"category","embeddable":true,"href":"https:\/\/einsteresante.com\/index.php\/wp-json\/wp\/v2\/categories?post=2272"},{"taxonomy":"post_tag","embeddable":true,"href":"https:\/\/einsteresante.com\/index.php\/wp-json\/wp\/v2\/tags?post=2272"}],"curies":[{"name":"wp","href":"https:\/\/api.w.org\/{rel}","templated":true}]}}