{"id":22926,"date":"2022-06-28T02:43:06","date_gmt":"2022-06-28T07:43:06","guid":{"rendered":"https:\/\/einsteresante.com\/?p=22926"},"modified":"2022-06-28T02:43:08","modified_gmt":"2022-06-28T07:43:08","slug":"el-primer-carro-solar-producido-en-masa-puede-andar-meses-sin-cargar","status":"publish","type":"post","link":"https:\/\/einsteresante.com\/index.php\/2022\/06\/28\/el-primer-carro-solar-producido-en-masa-puede-andar-meses-sin-cargar\/","title":{"rendered":"El primer carro solar producido en masa puede andar meses sin cargar"},"content":{"rendered":"\n<p>Las ventas de veh\u00edculos el\u00e9ctricos (EV) han aumentado enormemente en los \u00faltimos a\u00f1os, pero su cuota de mercado general sigue siendo muy peque\u00f1a, lo que anula su potencial para descarbonizar el sector del transporte. Por ejemplo, en los EE. UU., las matriculaciones de veh\u00edculos el\u00e9ctricos se duplicaron durante el a\u00f1o pasado, pero representaron solo alrededor del 5% de todos los autom\u00f3viles nuevos.<\/p>\n\n\n\n<p>Una de las razones por las que muchos posibles compradores en el mercado de un veh\u00edculo nuevo se muestran reacios a cambiar a un veh\u00edculo el\u00e9ctrico es la ansiedad por la autonom\u00eda. Aunque la autonom\u00eda de los veh\u00edculos el\u00e9ctricos ha mejorado enormemente, ahora con un promedio regular de 360 \u200b\u200bkil\u00f3metros, las personas sobrestiman el alcance real que realmente necesitan de un veh\u00edculo el\u00e9ctrico o simplemente desconf\u00edan de tener que encontrar un punto de carga y lidiar con el tiempo de espera posterior. En resumen, existe la impresi\u00f3n de que los veh\u00edculos el\u00e9ctricos a\u00fan no son tan c\u00f3modos de conducir como los veh\u00edculos de combustibles f\u00f3siles, lo que puede o no ser realmente el caso seg\u00fan el lugar donde vivas. Lightyear, una startup de los Pa\u00edses Bajos que recaud\u00f3 150 millones de euros en inversi\u00f3n, est\u00e1 lanzando el primer veh\u00edculo el\u00e9ctrico solar del mundo listo para la producci\u00f3n, tal vez pensando en esos posibles compradores.<\/p>\n\n\n\n<p>Su veh\u00edculo de aspecto futurista, conocido como Lightyear 0, est\u00e1 cubierto con cinco metros cuadrados de elegantes paneles solares que est\u00e1n perfectamente integrados con el dise\u00f1o aerodin\u00e1mico del autom\u00f3vil, radicalmente diferente de los aburridos paneles azules que se ven en muchos techos. Estos paneles solares cargan la bater\u00eda del autom\u00f3vil mientras est\u00e1 estacionado al aire libre o conduciendo bajo el sol abrasador.<\/p>\n\n\n\n<p>En condiciones \u00f3ptimas, las c\u00e9lulas solares que cubren la parte superior del autom\u00f3vil deber\u00edan poder sumar hasta 70 km por d\u00eda a la capacidad de 625 km de la bater\u00eda, dijo la compa\u00f1\u00eda. Al menos en teor\u00eda, eso es suficiente para cumplir con los viajes promedio y los viajes diarios de las personas sin tener que conectar el autom\u00f3vil a un enchufe.<\/p>\n\n\n\n<figure class=\"wp-block-image size-full\"><img decoding=\"async\" src=\"https:\/\/einsteresante.com\/wp-content\/uploads\/2022\/06\/image-51.png\" alt=\"\" class=\"wp-image-22936\"\/><\/figure>\n\n\n\n<p>Eso, por supuesto, se basa en la cantidad promedio de d\u00edas nublados donde vive. Seg\u00fan las pruebas realizadas por la startup, considerando un recorrido diario de 35 kil\u00f3metros, el autom\u00f3vil Lightyear podr\u00eda conducirse durante dos meses en los Pa\u00edses Bajos sin tener que enchufarlo, mientras que en pa\u00edses soleados como Espa\u00f1a o Portugal, el EV podr\u00eda recargarse al sol de manera fiable durante siete meses. Cuando est\u00e1 demasiado nublado, debe enchufar el veh\u00edculo para cargarlo como cualquier otro veh\u00edculo el\u00e9ctrico normal.<\/p>\n\n\n\n<figure class=\"wp-block-image size-full\"><img decoding=\"async\" src=\"https:\/\/einsteresante.com\/wp-content\/uploads\/2022\/06\/image-52.png\" alt=\"\" class=\"wp-image-22938\"\/><\/figure>\n\n\n\n<figure class=\"wp-block-image size-full\"><img decoding=\"async\" src=\"https:\/\/einsteresante.com\/wp-content\/uploads\/2022\/06\/image-53.png\" alt=\"\" class=\"wp-image-22939\"\/><\/figure>\n\n\n\n<figure class=\"wp-block-image size-full\"><img decoding=\"async\" src=\"https:\/\/einsteresante.com\/wp-content\/uploads\/2022\/06\/image-54.png\" alt=\"\" class=\"wp-image-22940\"\/><\/figure>\n\n\n\n<p>Pero la innovaci\u00f3n no est\u00e1 en las c\u00e9lulas solares en s\u00ed, sino en el dise\u00f1o &#8216;hol\u00edstico&#8217; del veh\u00edculo. Cada opci\u00f3n de pieza y ensamblaje est\u00e1 optimizada para reducir el arrastre y la fricci\u00f3n, as\u00ed como para reducir el consumo de energ\u00eda, de modo que la energ\u00eda aprovechada por las c\u00e9lulas solares realmente pueda proporcionar un rango significativo. Por ejemplo, no hay espejos laterales, ya que agregan demasiada fricci\u00f3n de aire, su funci\u00f3n se reemplaza por c\u00e1maras que transmiten vistas laterales y traseras a una pantalla en el tablero. Los materiales utilizados en el autom\u00f3vil se han elegido para que sean lo m\u00e1s livianos posible desde los motores el\u00e9ctricos hasta el interior, que est\u00e1 hecho de cuero vegano y botellas recicladas de tereftalato de polietileno.<\/p>\n\n\n\n<p>\u201cSi tuvi\u00e9ramos la misma cantidad de energ\u00eda que recolectamos en estos paneles en cualquier otro autom\u00f3vil que use tres veces la cantidad de energ\u00eda para conducir, se vuelve in\u00fatil. Se convierte en un truco muy costoso\u201d, dijo a <a href=\"https:\/\/www.theguardian.com\/environment\/2022\/jun\/25\/keeps-going-driving-first-production-ready-solar-car-lightyear-0https:\/\/www.theguardian.com\/environment\/2022\/jun\/25\/keeps-going-driving-first-production-ready-solar-car-lightyear-0\">The Guardian<\/a> Roel Grooten, el ingeniero principal de Lightyear, quien recientemente llev\u00f3 el autom\u00f3vil a una prueba de manejo en el norte de Espa\u00f1a. \u201cTienes que construir este autom\u00f3vil desde cero, para que sea lo m\u00e1s eficiente posible, para que sea factible\u201d.<\/p>\n\n\n\n<p>Sin embargo, el primer autom\u00f3vil de producci\u00f3n solar del mundo no es barato. El precio de venta del sed\u00e1n es ($265,000), una gran cantidad de dinero para pagar solo para que tu auto cargue bajo el sol. Aparte de unos pocos (muy ricos) primeros usuarios, es dif\u00edcil ver que los autom\u00f3viles solares hagan mella en el cambio clim\u00e1tico. Sin embargo, la startup holandesa ve esto como una prueba de concepto con el objetivo a largo plazo de lanzar un veh\u00edculo el\u00e9ctrico comercial con energ\u00eda solar en el rango de $30,000.<\/p>\n\n\n\n<p>Por el momento, Lightyear 0 est\u00e1 a solo unos meses de entrar en su ciclo de producci\u00f3n, que est\u00e1 programado para entregar hasta 950 veh\u00edculos en toda Europa. Despu\u00e9s de demostrar su val\u00eda en el mercado, la empresa holandesa quiere presentar un producto asequible que ya no sea exclusivo de los millonarios.<\/p>\n\n\n\n<p>Lightyear tampoco est\u00e1 solo. Sono Motors, con sede en M\u00fanich, planea lanzar Sion, un autom\u00f3vil peque\u00f1o cubierto con 456 c\u00e9lulas solares que pueden agregar 112 km de autonom\u00eda a la bater\u00eda del autom\u00f3vil, en promedio, por semana. Mientras tanto, los fabricantes de autom\u00f3viles t\u00edpicos como Mercedes-Benz y Toyota tambi\u00e9n est\u00e1n trabajando con prototipos que implican equipar sus pr\u00f3ximos veh\u00edculos el\u00e9ctricos con celdas solares en el techo.<\/p>\n\n\n\n<p><em>Nota de la fuente: Todas las im\u00e1genes son cortes\u00eda de Lightyear.<\/em><\/p>\n\n\n\n<p>Fuente: <a href=\"https:\/\/www.zmescience.com\/science\/news-science\/worlds-first-production-solar-powered-car-can-drive-for-months-without-charging\/\">ZME Science<\/a>.<em><br><\/em><\/p>\n","protected":false},"excerpt":{"rendered":"<p>Las ventas de veh\u00edculos el\u00e9ctricos (EV) han aumentado enormemente en los \u00faltimos a\u00f1os, pero su cuota de mercado general sigue siendo muy peque\u00f1a, lo que anula su potencial para descarbonizar el sector del transporte. Por ejemplo, en los EE. UU., las matriculaciones de veh\u00edculos el\u00e9ctricos se duplicaron durante el a\u00f1o pasado, pero representaron solo alrededor [&hellip;]<\/p>\n","protected":false},"author":1,"featured_media":0,"comment_status":"open","ping_status":"open","sticky":false,"template":"","format":"standard","meta":{"footnotes":""},"categories":[14],"tags":[],"class_list":["post-22926","post","type-post","status-publish","format-standard","hentry","category-tecnologia"],"_links":{"self":[{"href":"https:\/\/einsteresante.com\/index.php\/wp-json\/wp\/v2\/posts\/22926","targetHints":{"allow":["GET"]}}],"collection":[{"href":"https:\/\/einsteresante.com\/index.php\/wp-json\/wp\/v2\/posts"}],"about":[{"href":"https:\/\/einsteresante.com\/index.php\/wp-json\/wp\/v2\/types\/post"}],"author":[{"embeddable":true,"href":"https:\/\/einsteresante.com\/index.php\/wp-json\/wp\/v2\/users\/1"}],"replies":[{"embeddable":true,"href":"https:\/\/einsteresante.com\/index.php\/wp-json\/wp\/v2\/comments?post=22926"}],"version-history":[{"count":13,"href":"https:\/\/einsteresante.com\/index.php\/wp-json\/wp\/v2\/posts\/22926\/revisions"}],"predecessor-version":[{"id":22943,"href":"https:\/\/einsteresante.com\/index.php\/wp-json\/wp\/v2\/posts\/22926\/revisions\/22943"}],"wp:attachment":[{"href":"https:\/\/einsteresante.com\/index.php\/wp-json\/wp\/v2\/media?parent=22926"}],"wp:term":[{"taxonomy":"category","embeddable":true,"href":"https:\/\/einsteresante.com\/index.php\/wp-json\/wp\/v2\/categories?post=22926"},{"taxonomy":"post_tag","embeddable":true,"href":"https:\/\/einsteresante.com\/index.php\/wp-json\/wp\/v2\/tags?post=22926"}],"curies":[{"name":"wp","href":"https:\/\/api.w.org\/{rel}","templated":true}]}}