{"id":25525,"date":"2022-08-31T03:04:03","date_gmt":"2022-08-31T08:04:03","guid":{"rendered":"https:\/\/einsteresante.com\/?p=25525"},"modified":"2022-08-31T03:04:04","modified_gmt":"2022-08-31T08:04:04","slug":"el-ultimo-miembro-de-una-tribu-aislada-del-amazonas-muere-solo","status":"publish","type":"post","link":"https:\/\/einsteresante.com\/index.php\/2022\/08\/31\/el-ultimo-miembro-de-una-tribu-aislada-del-amazonas-muere-solo\/","title":{"rendered":"El \u00faltimo miembro de una tribu aislada del Amazonas muere solo"},"content":{"rendered":"\n<p>Encontraron su cuerpo en una hamaca, adornado con plumas, el \u00faltimo miembro restante de su tribu. Durante 26 a\u00f1os, casi 9500 d\u00edas y noches, el hombre sin nombre conocido no hab\u00eda hablado ni tocado a ning\u00fan otro ser humano.<\/p>\n\n\n\n<p>Era conocido en el resto del mundo como el &#8220;Hombre del Agujero&#8221; por las docenas de pozos profundos que cav\u00f3 en su tierra, probablemente para cazar, esconderse o con fines ceremoniales, se cree. Su hogar, una selva tropical de 8.000 hect\u00e1reas, se erige como una isla en medio de un mar de granjas y ranchos ganaderos invasores.<\/p>\n\n\n\n<p>En sus \u00faltimos a\u00f1os, se destac\u00f3 como un s\u00edmbolo de la resiliencia ind\u00edgena. El 27 de agosto de 2022, funcionarios de la Agencia de Asuntos Ind\u00edgenas de Brasil (Funai) anunciaron que el hombre de aproximadamente 60 a\u00f1os hab\u00eda muerto por lo que parec\u00edan causas naturales.<\/p>\n\n\n\n<p>&#8220;Simboliz\u00f3 tanto la violencia atroz como la crueldad infligida a los pueblos ind\u00edgenas de todo el mundo en nombre de la colonizaci\u00f3n y el lucro, pero tambi\u00e9n su resistencia&#8221;, dice Fiona Watson, directora de investigaci\u00f3n y defensa de Survival International, una organizaci\u00f3n global que trabaja para proteger los derechos de los pueblos ind\u00edgenas.<\/p>\n\n\n\n<p>&#8220;S\u00f3lo podemos imaginar los horrores que hab\u00eda presenciado en su vida y la soledad de su existencia despu\u00e9s de que mataron al resto de su tribu, pero resisti\u00f3 con determinaci\u00f3n todos los intentos de contacto y dej\u00f3 en claro que solo quer\u00eda que lo dejaran en paz&#8221;.<\/p>\n\n\n\n<p>A partir de la d\u00e9cada de 1970, la tribu del Hombre del Agujero se convirti\u00f3 en el objetivo de una sangrienta masacre. Su porci\u00f3n f\u00e9rtil de la selva amaz\u00f3nica brasile\u00f1a occidental, en el Territorio Ind\u00edgena Tanaru en el estado de Rond\u00f4nia, fronterizo con Bolivia, es muy codiciada por agricultores, madereros, ganaderos y mineros. Sin la protecci\u00f3n adecuada del gobierno, su pueblo fue brutalmente envenenado y asesinado.<\/p>\n\n\n\n<p>A principios de la d\u00e9cada de 1990, solo quedaban siete miembros de la tribu y seis fueron masacrados en 1995 por mineros ilegales. Nunca se ha hecho responsable a nadie. La Funai tard\u00f3 un a\u00f1o en darse cuenta de que el Hombre del Agujero todav\u00eda estaba vivo, desde ese momento lo vigilaron de cerca.<\/p>\n\n\n\n<p>En 1998, funcionarios brasile\u00f1os restringieron severamente el acceso a su tierra en un intento de protegerlo de m\u00e1s da\u00f1os. Sin embargo, en 2009, la Funai encontr\u00f3 casquillos de cartuchos en su terreno, as\u00ed como se\u00f1ales de da\u00f1os en un puesto de la Funai donde ocasionalmente se apostaron agentes para proteger al hombre.<\/p>\n\n\n\n<p>Despu\u00e9s de algunos intentos de establecer contacto, la Funai finalmente decidi\u00f3 dejar al hombre en paz. No mostr\u00f3 signos de querer una mano amiga. Existe un poco de metraje, pero eso es todo.<\/p>\n\n\n\n<figure class=\"wp-block-embed is-type-video is-provider-youtube wp-block-embed-youtube wp-embed-aspect-16-9 wp-has-aspect-ratio\"><div class=\"wp-block-embed__wrapper\">\n<iframe loading=\"lazy\" title=\"Video footage of The Last of his Tribe\" width=\"640\" height=\"360\" src=\"https:\/\/www.youtube.com\/embed\/DOdCiuf5tvY?feature=oembed\" frameborder=\"0\" allow=\"accelerometer; autoplay; clipboard-write; encrypted-media; gyroscope; picture-in-picture; web-share\" referrerpolicy=\"strict-origin-when-cross-origin\" allowfullscreen><\/iframe>\n<\/div><\/figure>\n\n\n\n<p>Ahora que el Hombre del Agujero est\u00e1 muerto, organizaciones como Survival y OPI, el Observatorio de Derechos Humanos de los Pueblos No Contactados y Reci\u00e9n Contactados, han exigido la protecci\u00f3n permanente del Territorio Ind\u00edgena Tanaru. Quieren que se erija como un monumento al genocidio ind\u00edgena.<\/p>\n\n\n\n<p>\u201cSi el presidente [brasile\u00f1o] [Jair] Bolsonaro y sus aliados en la agroindustria se salen con la suya, esta historia se repetir\u00e1 una y otra vez hasta que todos los pueblos ind\u00edgenas del pa\u00eds sean aniquilados\u201d, dice Watson.<\/p>\n\n\n\n<p>\u201cEl movimiento ind\u00edgena de Brasil y Survival har\u00e1n todo lo posible para garantizar que eso no suceda\u201d.<\/p>\n\n\n\n<p>Hoy, los habitantes originales de Brasil est\u00e1n en serios problemas. En 2020, la naci\u00f3n experiment\u00f3 un aumento del 61% en los asesinatos de ind\u00edgenas respecto al a\u00f1o anterior, alcanzando los 182 homicidios.<\/p>\n\n\n\n<p>La constituci\u00f3n de Brasil otorga a los pueblos ind\u00edgenas el derecho a sus tierras tradicionales y existe una orden de protecci\u00f3n para el Territorio Ind\u00edgena Tanaru desde fines de la d\u00e9cada de 1990. Pero la Funai solo ha reconocido federalmente a un n\u00famero limitado de estos grupos aislados. El resto no recibe protecci\u00f3n del gobierno. Desde que asumi\u00f3 el cargo en 2019, los informes de los medios indican que el presidente Bolsonaro apoya la destrucci\u00f3n de la selva amaz\u00f3nica con fines de lucro.<\/p>\n\n\n\n<p>El monitoreo satelital en realidad muestra que la deforestaci\u00f3n en el Amazonas ha aumentado con el aumento de esa ret\u00f3rica, y algunos est\u00e1n preocupados de que el ecosistema se derrumbe por completo si Bolsonaro mantiene el poder. Qui\u00e9n puede decir qu\u00e9 ser\u00e1 del Territorio Ind\u00edgena Tanaru ahora que el Hombre del Agujero ya no existe.<\/p>\n\n\n\n<p>Fuente: <a href=\"https:\/\/www.sciencealert.com\/the-last-member-of-an-isolated-amazon-tribe-dies-alone\">Science Alert<\/a>.<\/p>\n","protected":false},"excerpt":{"rendered":"<p>Encontraron su cuerpo en una hamaca, adornado con plumas, el \u00faltimo miembro restante de su tribu. Durante 26 a\u00f1os, casi 9500 d\u00edas y noches, el hombre sin nombre conocido no hab\u00eda hablado ni tocado a ning\u00fan otro ser humano. Era conocido en el resto del mundo como el &#8220;Hombre del Agujero&#8221; por las docenas de [&hellip;]<\/p>\n","protected":false},"author":1,"featured_media":0,"comment_status":"open","ping_status":"open","sticky":false,"template":"","format":"standard","meta":{"footnotes":""},"categories":[6],"tags":[],"class_list":["post-25525","post","type-post","status-publish","format-standard","hentry","category-humanidades"],"_links":{"self":[{"href":"https:\/\/einsteresante.com\/index.php\/wp-json\/wp\/v2\/posts\/25525","targetHints":{"allow":["GET"]}}],"collection":[{"href":"https:\/\/einsteresante.com\/index.php\/wp-json\/wp\/v2\/posts"}],"about":[{"href":"https:\/\/einsteresante.com\/index.php\/wp-json\/wp\/v2\/types\/post"}],"author":[{"embeddable":true,"href":"https:\/\/einsteresante.com\/index.php\/wp-json\/wp\/v2\/users\/1"}],"replies":[{"embeddable":true,"href":"https:\/\/einsteresante.com\/index.php\/wp-json\/wp\/v2\/comments?post=25525"}],"version-history":[{"count":10,"href":"https:\/\/einsteresante.com\/index.php\/wp-json\/wp\/v2\/posts\/25525\/revisions"}],"predecessor-version":[{"id":25535,"href":"https:\/\/einsteresante.com\/index.php\/wp-json\/wp\/v2\/posts\/25525\/revisions\/25535"}],"wp:attachment":[{"href":"https:\/\/einsteresante.com\/index.php\/wp-json\/wp\/v2\/media?parent=25525"}],"wp:term":[{"taxonomy":"category","embeddable":true,"href":"https:\/\/einsteresante.com\/index.php\/wp-json\/wp\/v2\/categories?post=25525"},{"taxonomy":"post_tag","embeddable":true,"href":"https:\/\/einsteresante.com\/index.php\/wp-json\/wp\/v2\/tags?post=25525"}],"curies":[{"name":"wp","href":"https:\/\/api.w.org\/{rel}","templated":true}]}}