{"id":25900,"date":"2022-09-12T18:53:51","date_gmt":"2022-09-12T23:53:51","guid":{"rendered":"https:\/\/einsteresante.com\/?p=25900"},"modified":"2022-09-12T19:03:48","modified_gmt":"2022-09-13T00:03:48","slug":"este-verano-si-fue-el-mas-caliente-registrado-y-podria-empeorar","status":"publish","type":"post","link":"https:\/\/einsteresante.com\/index.php\/2022\/09\/12\/este-verano-si-fue-el-mas-caliente-registrado-y-podria-empeorar\/","title":{"rendered":"Este verano s\u00ed fue el m\u00e1s caliente registrado en Europa, y podr\u00eda empeorar"},"content":{"rendered":"\n<p>Europa acaba de registrar su verano m\u00e1s caluroso en la historia registrada en medio de incendios forestales generalizados, sequ\u00edas brutales y olas de calor abrasadoras, seg\u00fan mostraron nuevos datos del Servicio de Cambio Clim\u00e1tico de Copernicus. Fue el segundo verano r\u00e9cord consecutivo, con temperaturas promedio 0,4\u00b0C m\u00e1s altas que el r\u00e9cord del a\u00f1o pasado. S\u00ed, el calentamiento global tiene la culpa.<\/p>\n\n\n\n<p>La cient\u00edfica de Cop\u00e9rnico, Freja Vamborg, describi\u00f3 los \u00faltimos tres meses en Europa como \u201cun verano de extremos\u201d. La combinaci\u00f3n de clima seco y temperaturas r\u00e9cord alimentadas por la crisis clim\u00e1tica desencaden\u00f3 incendios forestales desde la costa atl\u00e1ntica hasta las monta\u00f1as del C\u00e1ucaso, torn\u00f3 los bosques marrones y est\u00e9riles y caus\u00f3 miles de muertes.<\/p>\n\n\n\n<p>El calor r\u00e9cord empeor\u00f3 por el cambio clim\u00e1tico, dijeron los investigadores. Un estudio reciente encontr\u00f3 que la quema de combustibles f\u00f3siles hizo que una ola de calor en julio en el Reino Unido fuera 10 veces m\u00e1s probable. Otro estudio encontr\u00f3 que el ciclo de clima c\u00e1lido y paisajes secos puede crear &#8220;c\u00fapulas de calor&#8221; que obligan al continente a cocerse bajo un calor ineludible. No importa c\u00f3mo lo mires, es muy poco probable que algo como esto hubiera sucedido sin que el cambio clim\u00e1tico jugara un papel.<\/p>\n\n\n\n<p>A nivel mundial, agosto fue el tercero m\u00e1s c\u00e1lido registrado hasta ahora, informa Copernicus. Una sequ\u00eda afect\u00f3 a gran parte del oeste de Estados Unidos y Canad\u00e1 y las olas de calor abrasaron gran parte de China, lo que hizo que este verano fuera el m\u00e1s caluroso del pa\u00eds. Incluso el Polo Sur estuvo m\u00e1s c\u00e1lido de lo habitual para este per\u00edodo. El hielo marino alrededor de la Ant\u00e1rtida alcanz\u00f3 un m\u00ednimo hist\u00f3rico en julio.<\/p>\n\n\n\n<p><strong>Un mundo m\u00e1s c\u00e1lido<br><\/strong>Las emisiones de gases de efecto invernadero est\u00e1n calentando el planeta a niveles r\u00e9cord, con temperaturas medias globales ya 1,1 \u00b0C m\u00e1s altas que antes de que comenzara la revoluci\u00f3n industrial. Cada a\u00f1o de los \u00faltimos siete se clasific\u00f3 entre los siete m\u00e1s c\u00e1lidos registrados. Y esto podr\u00eda ser solo el comienzo si las emisiones no se reducen ahora.<\/p>\n\n\n\n<p>En el hemisferio norte, el cambio clim\u00e1tico se convierte en una gran preocupaci\u00f3n, especialmente en verano, ya que el aumento de las temperaturas convierte una \u00e9poca de alegr\u00eda en una temporada de desastre. Durante el Tour de Francia de este a\u00f1o, cuando los mejores ciclistas pasan tres semanas pedaleando, los organizadores tuvieron que rociar la carretera con agua para evitar que se derritieran por el calor abrasador.<\/p>\n\n\n\n<p>En los EE. UU., las lluvias en Yellowstone inundaron una de las carreteras principales del parque y afectaron en gran medida a las econom\u00edas cercanas. En China, una ola de calor que dur\u00f3 m\u00e1s de 10 semanas oblig\u00f3 a cerrar f\u00e1bricas y cortar la electricidad. En M\u00e9xico, la escasez de agua se ha vuelto tan intensa en el norte que la gente ha saboteado las tuber\u00edas solo para encontrar algo para beber.<\/p>\n\n\n\n<p>Muchas partes del mundo tambi\u00e9n han sufrido de un clima impredecible. Las comunidades en el suroeste de los EE. UU. soportaron recientemente lluvias r\u00e9cord que destruyeron carreteras. En Pakist\u00e1n, una fuerte ola de calor fue seguida por una estaci\u00f3n monz\u00f3nica fr\u00eda y h\u00fameda. Para agosto, alrededor de un tercio del pa\u00eds ya estaba bajo el agua, con millones desplazados de sus hogares. No hay raz\u00f3n para sospechar que esto podr\u00eda ser lo peor. A menos que se tomen medidas r\u00e1pidamente, esto podr\u00eda ser solo el comienzo.<\/p>\n\n\n\n<p>Por ahora, lo mejor que tenemos como palanca internacional para el cambio clim\u00e1tico es el Acuerdo de Par\u00eds. El Acuerdo de Par\u00eds, firmado en 2015 por pr\u00e1cticamente todos los pa\u00edses, tiene como objetivo limitar el aumento de la temperatura global a 2\u00b0C, si es posible a 1,5. Sin embargo, los cient\u00edficos han advertido que la ventana de oportunidad para alcanzar ese objetivo se est\u00e1 cerrando r\u00e1pidamente, ya que nuestras econom\u00edas contin\u00faan dependiendo de los combustibles f\u00f3siles que contaminan la atm\u00f3sfera. El tiempo se est\u00e1 acabando. Ser\u00eda prudente actuar lo m\u00e1s r\u00e1pido posible.<\/p>\n\n\n\n<p>Fuente: <a href=\"https:\/\/www.zmescience.com\/science\/this-summer-was-the-hottest-on-record-in-europe-and-it-could-get-worse-09092022\/\">ZME Science<\/a>.<\/p>\n","protected":false},"excerpt":{"rendered":"<p>Europa acaba de registrar su verano m\u00e1s caluroso en la historia registrada en medio de incendios forestales generalizados, sequ\u00edas brutales y olas de calor abrasadoras, seg\u00fan mostraron nuevos datos del Servicio de Cambio Clim\u00e1tico de Copernicus. Fue el segundo verano r\u00e9cord consecutivo, con temperaturas promedio 0,4\u00b0C m\u00e1s altas que el r\u00e9cord del a\u00f1o pasado. S\u00ed, [&hellip;]<\/p>\n","protected":false},"author":1,"featured_media":0,"comment_status":"open","ping_status":"open","sticky":false,"template":"","format":"standard","meta":{"footnotes":""},"categories":[10],"tags":[],"class_list":["post-25900","post","type-post","status-publish","format-standard","hentry","category-medio-ambiente"],"_links":{"self":[{"href":"https:\/\/einsteresante.com\/index.php\/wp-json\/wp\/v2\/posts\/25900","targetHints":{"allow":["GET"]}}],"collection":[{"href":"https:\/\/einsteresante.com\/index.php\/wp-json\/wp\/v2\/posts"}],"about":[{"href":"https:\/\/einsteresante.com\/index.php\/wp-json\/wp\/v2\/types\/post"}],"author":[{"embeddable":true,"href":"https:\/\/einsteresante.com\/index.php\/wp-json\/wp\/v2\/users\/1"}],"replies":[{"embeddable":true,"href":"https:\/\/einsteresante.com\/index.php\/wp-json\/wp\/v2\/comments?post=25900"}],"version-history":[{"count":6,"href":"https:\/\/einsteresante.com\/index.php\/wp-json\/wp\/v2\/posts\/25900\/revisions"}],"predecessor-version":[{"id":25910,"href":"https:\/\/einsteresante.com\/index.php\/wp-json\/wp\/v2\/posts\/25900\/revisions\/25910"}],"wp:attachment":[{"href":"https:\/\/einsteresante.com\/index.php\/wp-json\/wp\/v2\/media?parent=25900"}],"wp:term":[{"taxonomy":"category","embeddable":true,"href":"https:\/\/einsteresante.com\/index.php\/wp-json\/wp\/v2\/categories?post=25900"},{"taxonomy":"post_tag","embeddable":true,"href":"https:\/\/einsteresante.com\/index.php\/wp-json\/wp\/v2\/tags?post=25900"}],"curies":[{"name":"wp","href":"https:\/\/api.w.org\/{rel}","templated":true}]}}