{"id":28231,"date":"2022-11-05T00:44:01","date_gmt":"2022-11-05T05:44:01","guid":{"rendered":"https:\/\/einsteresante.com\/?p=28231"},"modified":"2022-11-05T00:48:08","modified_gmt":"2022-11-05T05:48:08","slug":"estudio-advierte-sobre-tratar-a-las-personas-tipo-buho-como-alondras","status":"publish","type":"post","link":"https:\/\/einsteresante.com\/index.php\/2022\/11\/05\/estudio-advierte-sobre-tratar-a-las-personas-tipo-buho-como-alondras\/","title":{"rendered":"Estudio advierte sobre tratar a las personas tipo b\u00faho como alondras"},"content":{"rendered":"\n<p>Los noct\u00e1mbulos pueden estar ansiosos por volver al horario est\u00e1ndar de oto\u00f1o, pero un nuevo estudio de la Universidad de Ottawa descubri\u00f3 que el horario de verano tambi\u00e9n puede adaptarse bien a los tipos de la ma\u00f1ana. La investigaci\u00f3n del Dr. Stuart Fogel, neurocient\u00edfico cognitivo, profesor de la Facultad de Psicolog\u00eda de la Universidad de Ottawa e investigador del Royal&#8217;s Institute for Mental Health Research, arroja luz sobre c\u00f3mo el impacto del ritmo diario y los niveles de actividad de una persona durante la vigilia y el sue\u00f1o se relacionan con la inteligencia humana. Contrariamente al adagio &#8220;el p\u00e1jaro madrugador se lleva el gusano&#8221;, trabajos previos sugieren que los tipos vespertinos, o &#8220;b\u00fahos&#8221;, tienen una inteligencia verbal superior.<\/p>\n\n\n\n<p>Sin embargo, &#8220;una vez que se toman en cuenta los factores clave, como la hora de acostarse y la edad, descubrimos que es todo lo contrario, que los madrugadores tienden a tener una capacidad verbal superior&#8221;, dice Stuart Fogel, director del Laboratorio de Investigaci\u00f3n del Sue\u00f1o de la Universidad de Ottawa. &#8220;Este resultado nos sorprendi\u00f3 y se\u00f1ala que esto es mucho m\u00e1s complicado de lo que nadie pensaba antes&#8221;.<\/p>\n\n\n\n<p>El equipo de Fogel identific\u00f3 el cronotipo del individuo, sus tendencias vespertinas o matutinas, al monitorear los ritmos biol\u00f3gicos y las preferencias diarias. El cronotipo de una persona est\u00e1 relacionado con el momento del d\u00eda en el que prefiere hacer cosas exigentes, desde actividades intelectuales hasta ejercicio.<\/p>\n\n\n\n<p>Los individuos j\u00f3venes suelen ser &#8220;tipos nocturnos&#8221;, mientras que los individuos mayores y aquellos que se atrincheran m\u00e1s regularmente en sus actividades diarias\/nocturnas son probablemente &#8220;tipos matutinos&#8221;. La yuxtaposici\u00f3n aqu\u00ed es que la ma\u00f1ana es cr\u00edtica para los j\u00f3venes, especialmente los ni\u00f1os en edad escolar y los adolescentes, quienes tienen sus horarios establecidos por sus padres matutinos y sus rutinas. Esto podr\u00eda estar perjudicando a los j\u00f3venes.<\/p>\n\n\n\n<p>&#8220;Muchos horarios de inicio de clases no est\u00e1n determinados por nuestros cronotipos, sino por los padres y los horarios de trabajo, por lo que los ni\u00f1os en edad escolar pagan el precio porque son del tipo vespertino obligados a trabajar en un horario matutino&#8221;, dice Fogel.<\/p>\n\n\n\n<p>&#8220;Por ejemplo, las clases de matem\u00e1ticas y ciencias normalmente se programan temprano en el d\u00eda porque las tendencias matutinas que tengan les servir\u00e1n bien. Pero la ma\u00f1ana no es cuando est\u00e1n en su mejor momento debido a sus tendencias de tipo vespertino. En \u00faltima instancia, est\u00e1n en desventaja porque el tipo de horario que se les impone es b\u00e1sicamente luchar contra su reloj biol\u00f3gico todos los d\u00edas&#8221;.<\/p>\n\n\n\n<p>El estudio reclut\u00f3 a voluntarios de un amplio rango de edad, que fueron evaluados rigurosamente para descartar trastornos del sue\u00f1o y otros factores de confusi\u00f3n. Equiparon a los voluntarios con un dispositivo de monitoreo para medir los niveles de actividad. Establecer la fuerza del ritmo de una persona, que impulsa la inteligencia, es clave para comprender los resultados de este estudio matizado, dice Fogel, con la edad de una persona y la hora real de acostarse como factores importantes.<\/p>\n\n\n\n<p>&#8220;Nuestro cerebro realmente anhela la regularidad y para que seamos \u00f3ptimos en nuestros propios ritmos debemos apegarnos a ese horario y no estar constantemente tratando de ponernos al d\u00eda&#8221;, agrega Fogel.<\/p>\n\n\n\n<p>Fuente: <a href=\"https:\/\/medicalxpress.com\/news\/2022-11-early-bird-worm.html\">Medical Xpress<\/a>.<\/p>\n","protected":false},"excerpt":{"rendered":"<p>Los noct\u00e1mbulos pueden estar ansiosos por volver al horario est\u00e1ndar de oto\u00f1o, pero un nuevo estudio de la Universidad de Ottawa descubri\u00f3 que el horario de verano tambi\u00e9n puede adaptarse bien a los tipos de la ma\u00f1ana. La investigaci\u00f3n del Dr. Stuart Fogel, neurocient\u00edfico cognitivo, profesor de la Facultad de Psicolog\u00eda de la Universidad de [&hellip;]<\/p>\n","protected":false},"author":1,"featured_media":0,"comment_status":"open","ping_status":"open","sticky":false,"template":"","format":"standard","meta":{"footnotes":""},"categories":[7],"tags":[],"class_list":["post-28231","post","type-post","status-publish","format-standard","hentry","category-salud-y-medicina"],"_links":{"self":[{"href":"https:\/\/einsteresante.com\/index.php\/wp-json\/wp\/v2\/posts\/28231","targetHints":{"allow":["GET"]}}],"collection":[{"href":"https:\/\/einsteresante.com\/index.php\/wp-json\/wp\/v2\/posts"}],"about":[{"href":"https:\/\/einsteresante.com\/index.php\/wp-json\/wp\/v2\/types\/post"}],"author":[{"embeddable":true,"href":"https:\/\/einsteresante.com\/index.php\/wp-json\/wp\/v2\/users\/1"}],"replies":[{"embeddable":true,"href":"https:\/\/einsteresante.com\/index.php\/wp-json\/wp\/v2\/comments?post=28231"}],"version-history":[{"count":5,"href":"https:\/\/einsteresante.com\/index.php\/wp-json\/wp\/v2\/posts\/28231\/revisions"}],"predecessor-version":[{"id":28236,"href":"https:\/\/einsteresante.com\/index.php\/wp-json\/wp\/v2\/posts\/28231\/revisions\/28236"}],"wp:attachment":[{"href":"https:\/\/einsteresante.com\/index.php\/wp-json\/wp\/v2\/media?parent=28231"}],"wp:term":[{"taxonomy":"category","embeddable":true,"href":"https:\/\/einsteresante.com\/index.php\/wp-json\/wp\/v2\/categories?post=28231"},{"taxonomy":"post_tag","embeddable":true,"href":"https:\/\/einsteresante.com\/index.php\/wp-json\/wp\/v2\/tags?post=28231"}],"curies":[{"name":"wp","href":"https:\/\/api.w.org\/{rel}","templated":true}]}}