{"id":32017,"date":"2023-01-30T20:10:19","date_gmt":"2023-01-31T01:10:19","guid":{"rendered":"https:\/\/einsteresante.com\/?p=32017"},"modified":"2023-01-30T20:10:20","modified_gmt":"2023-01-31T01:10:20","slug":"ya-hemos-arruinado-un-tercio-del-amazonas-y-la-situacion-no-mejora","status":"publish","type":"post","link":"https:\/\/einsteresante.com\/index.php\/2023\/01\/30\/ya-hemos-arruinado-un-tercio-del-amazonas-y-la-situacion-no-mejora\/","title":{"rendered":"Ya hemos arruinado un tercio del Amazonas y la situaci\u00f3n no mejora"},"content":{"rendered":"\n<p>La selva amaz\u00f3nica, un ecosistema cr\u00edtico para todo el mundo por su capacidad de absorber las emisiones de gases de efecto invernadero, est\u00e1 siendo da\u00f1ada a un ritmo sin precedentes por la actividad humana y la sequ\u00eda, seg\u00fan un nuevo estudio. Los investigadores encontraron que la selva tropical se ha degradado en m\u00e1s de un tercio, que es el doble de la estimaci\u00f3n anterior.<\/p>\n\n\n\n<p>Un equipo internacional de investigadores descubri\u00f3 que hasta el 38% del \u00e1rea forestal restante en el Amazonas se ha visto afectada y ahora emite tanto (o m\u00e1s) gases de efecto invernadero de los que absorbe. Hay cuatro perturbaciones principales que impulsan la degradaci\u00f3n, incluida la sequ\u00eda, la tala ilegal, los incendios forestales y los cambios en el bosque cerca de las \u00e1reas deforestadas.<\/p>\n\n\n\n<p>Los investigadores definen la degradaci\u00f3n como cambios temporales o a largo plazo en las condiciones del bosque causados por los humanos. Es diferente a la deforestaci\u00f3n, donde se elimina el bosque y en su lugar se establece un nuevo uso de la tierra, como la ganader\u00eda. Aunque los bosques degradados pueden perder todos sus \u00e1rboles, el uso de la tierra en s\u00ed no cambia, dijeron.<\/p>\n\n\n\n<p>\u201cA pesar de la incertidumbre sobre el efecto total de estas perturbaciones, est\u00e1 claro que su efecto acumulativo puede ser tan importante como la deforestaci\u00f3n por las emisiones de carbono y la p\u00e9rdida de biodiversidad\u201d, dijo Jos Barlow, profesor de ciencias de la conservaci\u00f3n en la Universidad de Lancaster en el Reino Unido y coautor del nuevo estudio, en un comunicado de prensa.<\/p>\n\n\n\n<figure class=\"wp-block-image size-full\"><img decoding=\"async\" src=\"https:\/\/einsteresante.com\/wp-content\/uploads\/2023\/01\/image-50.png\" alt=\"\" class=\"wp-image-32025\"\/><figcaption class=\"wp-element-caption\">Cr\u00e9dito de la imagen: Los investigadores.<\/figcaption><\/figure>\n\n\n\n<p><strong>Una selva tropical degradada<br><\/strong>El cambio clim\u00e1tico, la deforestaci\u00f3n y los incendios forestales han ejercido una enorme presi\u00f3n sobre la Amazon\u00eda desde principios de la d\u00e9cada de 2000, y muchos estudios advierten sobre el riesgo de que la selva tropical se convierta eventualmente en una sabana. Las selvas tropicales albergan una gama mucho mayor de especies que la sabana y tambi\u00e9n desempe\u00f1an un papel m\u00e1s importante en la absorci\u00f3n de emisiones de la atm\u00f3sfera.<\/p>\n\n\n\n<p>Para su estudio, los investigadores analizaron datos que describen los cambios en la Amazon\u00eda publicados entre 2001 y 2008: estudios, datos satelitales y un an\u00e1lisis de los impactos de la sequ\u00eda. La sequ\u00eda represent\u00f3 la mayor parte del aumento de la degradaci\u00f3n. Esto aumenta la vulnerabilidad del bosque al fuego y disminuye su capacidad para regenerarse, dijeron.<\/p>\n\n\n\n<p>Los investigadores propusieron crear un sistema de monitoreo que pudiera prevenir el uso del fuego y la tala ilegal en la cuenca del Amazonas. Reconocieron que se necesita m\u00e1s investigaci\u00f3n para comprender mejor los impactos socioecon\u00f3micos de la degradaci\u00f3n forestal en la selva tropical, afirmando que solo unos pocos grupos se benefician del proceso de degradaci\u00f3n.<\/p>\n\n\n\n<p>\u201cLa degradaci\u00f3n beneficia a unos pocos, pero supone una carga importante para muchos\u201d, dijo Rachel Carmenta, coautora, en un comunicado. \u201cPocas personas se benefician de los procesos de degradaci\u00f3n, pero muchas pierden en todas las dimensiones del bienestar humano, incluida la salud, la nutrici\u00f3n y el apego al lugar que tienen para los paisajes forestales donde viven\u201d.<\/p>\n\n\n\n<p>El estudio, publicado en <a href=\"https:\/\/www.science.org\/doi\/10.1126\/science.abp8622\">Science<\/a>, llega en un momento en que la Amazon\u00eda vuelve a llamar la atenci\u00f3n de los formuladores de pol\u00edticas en Am\u00e9rica del Sur. El presidente brasile\u00f1o Lula da Silva, quien asumi\u00f3 el cargo este mes, se comprometi\u00f3 a poner fin a toda la deforestaci\u00f3n para 2030 y tambi\u00e9n revoc\u00f3 la legislaci\u00f3n implementada por el expresidente Jair Bolsonaro, cuyas decisiones llevaron a que la deforestaci\u00f3n se expandiera por todo Brasil.<\/p>\n\n\n\n<p>Mientras tanto, en Colombia, el presidente Gustavo Petro ha llamado a todos los pa\u00edses de la cuenca del Amazonas a trabajar juntos en una alianza para proteger la selva tropical. Dijo que los pa\u00edses ricos y las empresas multinacionales deber\u00edan pagar a los l\u00edderes y comunidades ind\u00edgenas por proteger la selva tropical, asignando 500 millones de d\u00f3lares al a\u00f1o durante los pr\u00f3ximos 20 a\u00f1os.<\/p>\n\n\n\n<p>Fuente: <a href=\"https:\/\/www.zmescience.com\/science\/weve-already-messed-up-a-third-of-the-amazon-and-its-not-getting-better\/\">ZME Science<\/a>.<\/p>\n","protected":false},"excerpt":{"rendered":"<p>La selva amaz\u00f3nica, un ecosistema cr\u00edtico para todo el mundo por su capacidad de absorber las emisiones de gases de efecto invernadero, est\u00e1 siendo da\u00f1ada a un ritmo sin precedentes por la actividad humana y la sequ\u00eda, seg\u00fan un nuevo estudio. Los investigadores encontraron que la selva tropical se ha degradado en m\u00e1s de un [&hellip;]<\/p>\n","protected":false},"author":1,"featured_media":0,"comment_status":"open","ping_status":"open","sticky":false,"template":"","format":"standard","meta":{"footnotes":""},"categories":[10],"tags":[],"class_list":["post-32017","post","type-post","status-publish","format-standard","hentry","category-medio-ambiente"],"_links":{"self":[{"href":"https:\/\/einsteresante.com\/index.php\/wp-json\/wp\/v2\/posts\/32017","targetHints":{"allow":["GET"]}}],"collection":[{"href":"https:\/\/einsteresante.com\/index.php\/wp-json\/wp\/v2\/posts"}],"about":[{"href":"https:\/\/einsteresante.com\/index.php\/wp-json\/wp\/v2\/types\/post"}],"author":[{"embeddable":true,"href":"https:\/\/einsteresante.com\/index.php\/wp-json\/wp\/v2\/users\/1"}],"replies":[{"embeddable":true,"href":"https:\/\/einsteresante.com\/index.php\/wp-json\/wp\/v2\/comments?post=32017"}],"version-history":[{"count":8,"href":"https:\/\/einsteresante.com\/index.php\/wp-json\/wp\/v2\/posts\/32017\/revisions"}],"predecessor-version":[{"id":32026,"href":"https:\/\/einsteresante.com\/index.php\/wp-json\/wp\/v2\/posts\/32017\/revisions\/32026"}],"wp:attachment":[{"href":"https:\/\/einsteresante.com\/index.php\/wp-json\/wp\/v2\/media?parent=32017"}],"wp:term":[{"taxonomy":"category","embeddable":true,"href":"https:\/\/einsteresante.com\/index.php\/wp-json\/wp\/v2\/categories?post=32017"},{"taxonomy":"post_tag","embeddable":true,"href":"https:\/\/einsteresante.com\/index.php\/wp-json\/wp\/v2\/tags?post=32017"}],"curies":[{"name":"wp","href":"https:\/\/api.w.org\/{rel}","templated":true}]}}