{"id":40469,"date":"2023-08-17T17:14:25","date_gmt":"2023-08-17T22:14:25","guid":{"rendered":"https:\/\/einsteresante.com\/?p=40469"},"modified":"2023-08-17T17:14:27","modified_gmt":"2023-08-17T22:14:27","slug":"otzi-el-hombre-de-hielo-tenia-piel-oscura-y-probablemente-era-calvo","status":"publish","type":"post","link":"https:\/\/einsteresante.com\/index.php\/2023\/08\/17\/otzi-el-hombre-de-hielo-tenia-piel-oscura-y-probablemente-era-calvo\/","title":{"rendered":"\u00d6tzi, el Hombre de hielo, ten\u00eda piel oscura y probablemente era calvo"},"content":{"rendered":"\n<p>Una vez m\u00e1s, los investigadores han profundizado en el genoma de \u00d6tzi, la famosa momia del antiguo glaciar, lo que ha proporcionado una visi\u00f3n notable de su ascendencia y rasgos f\u00edsicos. Por ejemplo, los cient\u00edficos descubrieron que \u00d6tzi comparte una cantidad inusualmente alta de genes con los primeros agricultores de Anatolia en comparaci\u00f3n con sus contempor\u00e1neos. Este descubrimiento sobre \u00d6tzi, un antiguo hombre de hielo encontrado preservado en los Alpes, es significativo ya que podr\u00eda significar que hubo un intercambio gen\u00e9tico entre las poblaciones del Mediterr\u00e1neo y las que viv\u00edan en los Alpes durante ese tiempo.<\/p>\n\n\n\n<p>Adem\u00e1s, la revelaci\u00f3n de la piel m\u00e1s oscura de \u00d6tzi desaf\u00eda las suposiciones anteriores sobre su apariencia. Por lo general, se lo representaba con una piel m\u00e1s clara o p\u00e1lida en documentales y otros medios. Sin embargo, el nuevo an\u00e1lisis indica que su tono de piel era m\u00e1s cercano al de las personas con ascendencia mediterr\u00e1nea-europea.<\/p>\n\n\n\n<p>Esta informaci\u00f3n se suma a nuestra comprensi\u00f3n de la migraci\u00f3n humana y la diversidad gen\u00e9tica durante la Edad del Cobre, hace unos 5.300 a\u00f1os, cuando viv\u00eda \u00d6tzi. Destaca la interconexi\u00f3n de diferentes poblaciones antiguas y rompe estereotipos y nociones preconcebidas sobre individuos hist\u00f3ricos.<\/p>\n\n\n\n<p>Finalmente, la secuenciaci\u00f3n del genoma tambi\u00e9n cambia las suposiciones previas sobre el cabello de Iceman. Aunque las representaciones populares a menudo lo mostraban con la cabeza llena de cabello, los datos gen\u00e9ticos sugieren que probablemente sufr\u00eda de p\u00e9rdida de cabello de patr\u00f3n masculino, probablemente calvo en el momento de su muerte.<\/p>\n\n\n\n<p><strong>Revelando el pasado de \u00d6tzi<br><\/strong>\u00d6tzi, a menudo conocido como el &#8220;hombre de hielo&#8221;, fue descubierto en los Alpes de \u00d6tzal en 1991. A trav\u00e9s de la dataci\u00f3n por radiocarbono, los cient\u00edficos determinaron que vivi\u00f3 en la parte italiana de los Alpes aproximadamente entre 3350 y 3210 a\u00f1os antes de Cristo. Los cient\u00edficos tambi\u00e9n determinaron que el hombre recibi\u00f3 un disparo de flecha.<\/p>\n\n\n\n<p>El descubrimiento del Hombre de Hielo result\u00f3 sensacional en ese momento. Finalmente, los europeos pudieron vislumbrar a sus antepasados, pero sus interpretaciones iniciales probablemente estaban muy equivocadas.<\/p>\n\n\n\n<p>M\u00e1s de una d\u00e9cada despu\u00e9s de que se decodificara por primera vez el genoma de \u00d6tzi, los investigadores del Instituto Max Planck de Antropolog\u00eda Evolutiva y Eurac Research han aprovechado los avances en la tecnolog\u00eda de secuenciaci\u00f3n para revisar su genoma y mejorar nuestra comprensi\u00f3n de este individuo prehist\u00f3rico. Es la primera vez en diez a\u00f1os que un equipo de cient\u00edficos intenta volver a secuenciar el ADN del Hombre de Hielo.<\/p>\n\n\n\n<p>Pero el proceso de secuenciaci\u00f3n del genoma de \u00d6tzi no estuvo exento de desaf\u00edos. El ADN antiguo generalmente se degrada, lo que dificulta la reconstrucci\u00f3n de un genoma completo. Adem\u00e1s, el riesgo de contaminaci\u00f3n del ADN moderno puede sesgar los resultados.<\/p>\n\n\n\n<p>La \u00faltima vez que se secuenci\u00f3 el genoma de \u00d6tzi en 2012, los cient\u00edficos dirigidos por el profesor Andreas Keller de Alemania encontraron una conexi\u00f3n intrigante con los pastores esteparios. Fue la primera vez que se secuenci\u00f3 el genoma de una momia. Sin embargo, los datos ten\u00edan limitaciones debido a la tecnolog\u00eda disponible en ese momento y al peque\u00f1o n\u00famero de personas a las que se les hab\u00eda secuenciado el genoma en ese momento para compararlo con el ADN de \u00d6tzi.<\/p>\n\n\n\n<p>Un avance r\u00e1pido hasta el presente, un equipo de investigadores dirigido por el profesor Johannes Krause del Instituto Max Planck de Antropolog\u00eda Evolutiva y sus colegas se armaron con una plataforma de secuenciaci\u00f3n de vanguardia. Su misi\u00f3n: lograr una mayor cobertura y precisi\u00f3n de la secuenciaci\u00f3n del ADN de \u00d6tzi como nunca antes.<\/p>\n\n\n\n<p><strong>Un cuento ancestral diferente<br><\/strong>Funcion\u00f3. Este nuevo estudio no solo corrigi\u00f3 las inexactitudes anteriores, sino que tambi\u00e9n descubri\u00f3 hallazgos inesperados. Contrariamente a las conclusiones anteriores, el nuevo an\u00e1lisis no encontr\u00f3 evidencia de ascendencia relacionada con la estepa en el genoma de \u00d6tzi, y esto sorprendi\u00f3 a todos los involucrados.<\/p>\n\n\n\n<p>Atribuyen las inexactitudes anteriores a la contaminaci\u00f3n. En el estudio actual, el genoma de alta cobertura exhibi\u00f3 una contaminaci\u00f3n m\u00ednima, lo que proporcion\u00f3 datos m\u00e1s confiables sobre la ascendencia de \u00d6tzi.<\/p>\n\n\n\n<p>Al comparar el genoma de \u00d6tzi con el de sus contempor\u00e1neos, los cient\u00edficos revelaron que su mayor contribuci\u00f3n gen\u00e9tica provino de los primeros agricultores neol\u00edticos de Anatolia, con solo una baja proporci\u00f3n de genes de cazadores-recolectores en su genoma y sin marcadores gen\u00e9ticos de Steppe Herder por mencionar algunos. Esto desaf\u00eda las suposiciones anteriores, lo que sugiere que los antepasados de \u00d6tzi llegaron directamente de Anatolia sin mezclarse con otras poblaciones europeas. Esto podr\u00eda deberse a la ubicaci\u00f3n remota de los Alpes, que a\u00edsla gen\u00e9ticamente a estos individuos. A modo de comparaci\u00f3n, la composici\u00f3n gen\u00e9tica de los europeos contempor\u00e1neos es una mezcla de tres grupos ancestrales: cazadores-recolectores occidentales, primeros agricultores de Anatolia y pastores esteparios de Europa del Este.<\/p>\n\n\n\n<p>M\u00e1s all\u00e1 de la ascendencia, el estudio proporcion\u00f3 informaci\u00f3n sobre la apariencia y la salud de \u00d6tzi. Se determin\u00f3 gen\u00e9ticamente que su color de piel era mucho m\u00e1s oscuro de lo que se pensaba anteriormente, m\u00e1s oscuro que los modernos del sur de Europa pero m\u00e1s claro que los modernos africanos subsaharianos. El estudio tambi\u00e9n revel\u00f3 una predisposici\u00f3n a la calvicie de patr\u00f3n masculino, lo que podr\u00eda explicar la falta de cabello de la momia.<\/p>\n\n\n\n<p>&#8220;Es el tono de piel m\u00e1s oscuro que se haya registrado en individuos europeos contempor\u00e1neos&#8221;, explica el antrop\u00f3logo Albert Zink, coautor del estudio y director del Instituto de Investigaci\u00f3n Eurac para Estudios de Momias en Bolzano.<\/p>\n\n\n\n<p>&#8220;Anteriormente se pensaba que la piel de la momia se hab\u00eda oscurecido durante su conservaci\u00f3n en el hielo, pero presumiblemente lo que vemos ahora es en gran parte el color original de la piel de \u00d6tzi. Saber esto, por supuesto, tambi\u00e9n es importante para la conservaci\u00f3n adecuada de la momia&#8221;.<\/p>\n\n\n\n<p>El legado de \u00d6tzi contin\u00faa cautivando a los cient\u00edficos y al p\u00fablico en general por igual. Los estudios en curso tienen como objetivo comparar su genoma con el de sus contempor\u00e1neos en Tirol del Sur y Trentino. Este an\u00e1lisis m\u00e1s amplio puede determinar si la composici\u00f3n gen\u00e9tica de \u00d6tzi era representativa de la poblaci\u00f3n de su \u00e9poca.<\/p>\n\n\n\n<p>Los hallazgos aparecieron en la revista <a href=\"http:\/\/dx.doi.org\/10.1016\/j.xgen.2023.100377\">Cell Genomics<\/a>.<\/p>\n\n\n\n<p>Fuente: <a href=\"https:\/\/www.zmescience.com\/science\/news-science\/otzi-the-iceman-had-dark-skin-and-was-probably-bald-dna-analysis-finds\/\" data-type=\"link\" data-id=\"https:\/\/www.zmescience.com\/science\/news-science\/otzi-the-iceman-had-dark-skin-and-was-probably-bald-dna-analysis-finds\/\">ZME Science<\/a>.<\/p>\n","protected":false},"excerpt":{"rendered":"<p>Una vez m\u00e1s, los investigadores han profundizado en el genoma de \u00d6tzi, la famosa momia del antiguo glaciar, lo que ha proporcionado una visi\u00f3n notable de su ascendencia y rasgos f\u00edsicos. Por ejemplo, los cient\u00edficos descubrieron que \u00d6tzi comparte una cantidad inusualmente alta de genes con los primeros agricultores de Anatolia en comparaci\u00f3n con sus [&hellip;]<\/p>\n","protected":false},"author":1,"featured_media":0,"comment_status":"open","ping_status":"open","sticky":false,"template":"","format":"standard","meta":{"footnotes":""},"categories":[6],"tags":[],"class_list":["post-40469","post","type-post","status-publish","format-standard","hentry","category-humanidades"],"_links":{"self":[{"href":"https:\/\/einsteresante.com\/index.php\/wp-json\/wp\/v2\/posts\/40469","targetHints":{"allow":["GET"]}}],"collection":[{"href":"https:\/\/einsteresante.com\/index.php\/wp-json\/wp\/v2\/posts"}],"about":[{"href":"https:\/\/einsteresante.com\/index.php\/wp-json\/wp\/v2\/types\/post"}],"author":[{"embeddable":true,"href":"https:\/\/einsteresante.com\/index.php\/wp-json\/wp\/v2\/users\/1"}],"replies":[{"embeddable":true,"href":"https:\/\/einsteresante.com\/index.php\/wp-json\/wp\/v2\/comments?post=40469"}],"version-history":[{"count":9,"href":"https:\/\/einsteresante.com\/index.php\/wp-json\/wp\/v2\/posts\/40469\/revisions"}],"predecessor-version":[{"id":40478,"href":"https:\/\/einsteresante.com\/index.php\/wp-json\/wp\/v2\/posts\/40469\/revisions\/40478"}],"wp:attachment":[{"href":"https:\/\/einsteresante.com\/index.php\/wp-json\/wp\/v2\/media?parent=40469"}],"wp:term":[{"taxonomy":"category","embeddable":true,"href":"https:\/\/einsteresante.com\/index.php\/wp-json\/wp\/v2\/categories?post=40469"},{"taxonomy":"post_tag","embeddable":true,"href":"https:\/\/einsteresante.com\/index.php\/wp-json\/wp\/v2\/tags?post=40469"}],"curies":[{"name":"wp","href":"https:\/\/api.w.org\/{rel}","templated":true}]}}