{"id":4057,"date":"2021-02-09T10:56:32","date_gmt":"2021-02-09T15:56:32","guid":{"rendered":"http:\/\/einsteresante.com\/?p=4057"},"modified":"2021-02-09T10:57:18","modified_gmt":"2021-02-09T15:57:18","slug":"el-dia-en-que-se-le-hizo-juicio-al-cadaver-de-un-papa","status":"publish","type":"post","link":"https:\/\/einsteresante.com\/index.php\/2021\/02\/09\/el-dia-en-que-se-le-hizo-juicio-al-cadaver-de-un-papa\/","title":{"rendered":"El d\u00eda en que se le hizo juicio al cad\u00e1ver de un papa"},"content":{"rendered":"\n<p><em>Por<\/em>: Frederik Pedersen<\/p>\n\n\n\n<p>Habiendo sido acusado por segunda vez, el ex presidente de Estados Unidos, Donald Trump, ser\u00e1 juzgado por el Senado en febrero de 2021, la primera vez que un presidente de Estados Unidos ha sido acusado dos veces por &#8220;delitos graves y faltas&#8221;. Un solo art\u00edculo de acusaci\u00f3n se pasar\u00e1 al Senado el 25 de enero, acusando a Trump de &#8220;incitar a la insurrecci\u00f3n&#8221; antes de que sus partidarios atacaran el edificio del Capitolio de Estados Unidos el 6 de enero. Los argumentos formales comenzar\u00e1n en el Senado en la segunda semana de febrero.<\/p>\n\n\n\n<p>Pero una campa\u00f1a en los medios de comunicaci\u00f3n ya est\u00e1 en marcha, ya que los partidarios del ex presidente y sus enemigos pol\u00edticos salen al aire para exponer su caso. Destacado entre los defensores de Trump ha sido el senador republicano principal, Lindsey Graham, quien le dijo al presentador de Fox News, Sean Hannity, que si Trump fuera condenado por el Senado despu\u00e9s de dejar el cargo, se abrir\u00eda la puerta para que los ex presidentes sean acusados.<\/p>\n\n\n\n<p>&#8220;Si puede acusar a un presidente despu\u00e9s de que est\u00e9 fuera de su cargo, \u00bfpor qu\u00e9 no acusamos a George Washington?&#8221; Graham le dijo a Hannity. \u201cTen\u00eda esclavos. \u00bfD\u00f3nde termina esto?&#8221;.<\/p>\n\n\n\n<p>Por supuesto, hay una falla obvia en el comentario de Graham: al estar muerto, Washington no parece poder defenderse.<\/p>\n\n\n\n<figure class=\"wp-block-image\"><img decoding=\"async\" src=\"https:\/\/images.theconversation.com\/files\/380449\/original\/file-20210125-17-3chhcn.jpg?ixlib=rb-1.1.0&amp;q=45&amp;auto=format&amp;w=754&amp;fit=clip\" alt=\"Nancy Pelosi wearing a COVID mask and holding up a folder containing the Article of Impeachment against Donald Trump, January 13 2021.\"\/><figcaption>Cargo grave: la presidenta de la C\u00e1mara de Representantes, Nancy Pelosi, con el art\u00edculo de acusaci\u00f3n contra el expresidente estadounidense Donald Trump. EPA-EFE \/ Shawn Thew<\/figcaption><\/figure>\n\n\n\n<p>Pero la historia del papado medieval temprano nos ense\u00f1a que incluso la muerte puede no ser un obst\u00e1culo para el enjuiciamiento por mala conducta en un cargo p\u00fablico. Hace m\u00e1s de 1.000 a\u00f1os, la iglesia occidental estaba en crisis. Hubo una amarga disputa entre Roma y Constantinopla sobre qui\u00e9n era el jefe de la iglesia cristiana. Oleadas de inmigrantes se hab\u00edan asentado en Hungr\u00eda y Bulgaria, lo que aument\u00f3 las tensiones entre Constantinopla y Roma mientras compet\u00edan por la soberan\u00eda sobre una poblaci\u00f3n cambiante con lealtades cambiantes.<\/p>\n\n\n\n<p>Estos conflictos plantearon preguntas importantes sobre las cualidades que se requer\u00edan de los l\u00edderes de la cristiandad. Durante este per\u00edodo hubo un uso bastante frecuente del equivalente medieval temprano de acusaci\u00f3n. Este fue un s\u00ednodo de la iglesia celebrado en Roma, en el que el titular del cargo m\u00e1s alto de la cristiandad podr\u00eda ser juzgado por transgresiones contra las tradiciones y costumbres de su cargo. Uno de esos s\u00ednodos tuvo lugar en enero de 897 y escuch\u00f3 cargos contra el ex pont\u00edfice m\u00e1s reciente, Formoso, papa de 891 a 896.<\/p>\n\n\n\n<p>El \u00fanico problema era que Formoso llevaba siete meses muerto cuando comenz\u00f3 el juicio. Pero el nuevo Papa, Esteban VI, ten\u00eda la firme opini\u00f3n de que incluso cuando un l\u00edder hab\u00eda dejado el cargo, a\u00fan pod\u00eda ser castigado por sus transgresiones.<\/p>\n\n\n\n<p>El s\u00ednodo sigui\u00f3 adelante en circunstancias algo macabras. El Papa Esteban hizo sacar el cad\u00e1ver de Formoso de su sarc\u00f3fago y llevarlo a la Bas\u00edlica de San Juan de Letr\u00e1n en Roma para ser juzgado. El cad\u00e1ver estaba vestido con vestimentas papales y sentado en un trono para enfrentar las acusaciones de que Formoso hab\u00eda violado las reglas de la iglesia. Cerca estaba un di\u00e1cono para responder en nombre de Formosus. Esteban VI acus\u00f3 al cad\u00e1ver de haber roto el juramento de no regresar a Roma y de haber obtenido ilegalmente el t\u00edtulo de Papa porque ya era obispo en el momento de su elecci\u00f3n.<\/p>\n\n\n\n<p>Los presuntos delitos ocurrieron mucho antes del juicio. En julio de 876, Formoso hab\u00eda sido excomulgado por entrometerse en la pol\u00edtica de poder europea y el Papa Juan VIII le prohibi\u00f3 celebrar misa. Pero, despu\u00e9s de su muerte, la sentencia de excomuni\u00f3n fue retirada por el sucesor de Juan, Marinus I en 878 y Formosus regres\u00f3 a su trabajo como obispo de Porto.<\/p>\n\n\n\n<p>A pesar de haber borrado su cuaderno, Formoso fue elegido Papa en octubre de 891 e inmediatamente volvi\u00f3 a involucrarse en pol\u00edtica.<\/p>\n\n\n\n<p>En Italia, Formoso alent\u00f3 la insurrecci\u00f3n, persuadiendo a Arnulfo de Carintia para que avanzara a Roma para expulsar al emperador reinante. Arnulfo se apoder\u00f3 de Roma por la fuerza el 21 de febrero de 896, pero su \u00e9xito dur\u00f3 poco: antes de tener la oportunidad de actuar contra el basti\u00f3n de la oposici\u00f3n en Spoleto, qued\u00f3 paralizado y no pudo continuar la campa\u00f1a. La par\u00e1lisis, dicho sea de paso, fue ampliamente considerada como un castigo divino en la Edad Media.<\/p>\n\n\n\n<p>Es importante recordar que esta fue una \u00e9poca en la que el papado cambi\u00f3 de manos a un ritmo alarmante: casi todos los a\u00f1os entre 896 y 904 vieron un nuevo papa, a veces incluso dos. Formoso fue sucedido por Bonifacio VI, quien muri\u00f3 dos semanas despu\u00e9s. Esteban VI, que fue el pr\u00f3ximo en sentarse en el trono papal, hab\u00eda sido partidario de Formoso, pero hab\u00eda cambiado de bando y ahora estaba alineado con la familia Spoleto, en ese momento todopoderosa en Roma.<\/p>\n\n\n\n<p>Como era de esperar, Esteban VI declar\u00f3 culpable a Formoso sobre la base de que no pod\u00eda haber recibido legalmente el t\u00edtulo papal ya que era obispo de otra sede y hab\u00eda renegado de su juramento de no celebrar misa. Todas sus medidas, actos y decisiones judiciales fueron anuladas y todas las \u00f3rdenes sacerdotales conferidas por \u00e9l fueron declaradas nulas. Sus vestiduras papales fueron arrancadas de su cuerpo. Los tres dedos que el Papa muerto hab\u00eda usado en las consagraciones fueron cortados de su mano derecha y el cad\u00e1ver fue enterrado en una tumba en el cementerio para extra\u00f1os, solo para ser removido despu\u00e9s de unos d\u00edas y arrojado al r\u00edo T\u00edber.<\/p>\n\n\n\n<p>Donald Trump, actualmente acurrucado en su resort Mar a Lago en Florida, no sufrir\u00e1 las humillaciones del cad\u00e1ver del Papa Formoso. Pero, como Formoso, ver\u00e1 muchas (si no todas) de sus decisiones y nombramientos revertidos en estos primeros d\u00edas de la presidencia de Joe Biden. Curiosamente, despu\u00e9s de la muerte de Esteban VI, Formoso fue rehabilitado y la iglesia restableci\u00f3 su papado.<\/p>\n\n\n\n<p>Mientras tanto, se rumorea que Trump todav\u00eda est\u00e1 considerando regresar a la pol\u00edtica estadounidense. Habiendo perdido el acceso al equivalente moderno de los tres dedos de Formoso, sus plataformas de redes sociales, ya no puede transmitir favores ni inspirar a sus seguidores f\u00e1cilmente. Pero, como sabemos ahora, han sucedido cosas m\u00e1s extra\u00f1as.<\/p>\n\n\n\n<p><em>Esta art\u00edculo es una traducci\u00f3n de otro publicado en&nbsp;<a href=\"https:\/\/theconversation.com\/us\">The Conversation<\/a>. Puedes leer el texto original haciendo clic&nbsp;<a href=\"https:\/\/theconversation.com\/trump-impeachment-after-leaving-office-is-nothing-in-9th-century-rome-they-put-a-popes-corpse-on-trial-153339\">aqu\u00ed<\/a>.<\/em><\/p>\n","protected":false},"excerpt":{"rendered":"<p>Por: Frederik Pedersen Habiendo sido acusado por segunda vez, el ex presidente de Estados Unidos, Donald Trump, ser\u00e1 juzgado por el Senado en febrero de 2021, la primera vez que un presidente de Estados Unidos ha sido acusado dos veces por &#8220;delitos graves y faltas&#8221;. Un solo art\u00edculo de acusaci\u00f3n se pasar\u00e1 al Senado el [&hellip;]<\/p>\n","protected":false},"author":1,"featured_media":0,"comment_status":"open","ping_status":"open","sticky":false,"template":"","format":"standard","meta":{"footnotes":""},"categories":[6],"tags":[],"class_list":["post-4057","post","type-post","status-publish","format-standard","hentry","category-humanidades"],"_links":{"self":[{"href":"https:\/\/einsteresante.com\/index.php\/wp-json\/wp\/v2\/posts\/4057","targetHints":{"allow":["GET"]}}],"collection":[{"href":"https:\/\/einsteresante.com\/index.php\/wp-json\/wp\/v2\/posts"}],"about":[{"href":"https:\/\/einsteresante.com\/index.php\/wp-json\/wp\/v2\/types\/post"}],"author":[{"embeddable":true,"href":"https:\/\/einsteresante.com\/index.php\/wp-json\/wp\/v2\/users\/1"}],"replies":[{"embeddable":true,"href":"https:\/\/einsteresante.com\/index.php\/wp-json\/wp\/v2\/comments?post=4057"}],"version-history":[{"count":15,"href":"https:\/\/einsteresante.com\/index.php\/wp-json\/wp\/v2\/posts\/4057\/revisions"}],"predecessor-version":[{"id":4073,"href":"https:\/\/einsteresante.com\/index.php\/wp-json\/wp\/v2\/posts\/4057\/revisions\/4073"}],"wp:attachment":[{"href":"https:\/\/einsteresante.com\/index.php\/wp-json\/wp\/v2\/media?parent=4057"}],"wp:term":[{"taxonomy":"category","embeddable":true,"href":"https:\/\/einsteresante.com\/index.php\/wp-json\/wp\/v2\/categories?post=4057"},{"taxonomy":"post_tag","embeddable":true,"href":"https:\/\/einsteresante.com\/index.php\/wp-json\/wp\/v2\/tags?post=4057"}],"curies":[{"name":"wp","href":"https:\/\/api.w.org\/{rel}","templated":true}]}}