{"id":4102,"date":"2021-02-10T15:45:23","date_gmt":"2021-02-10T20:45:23","guid":{"rendered":"http:\/\/einsteresante.com\/?p=4102"},"modified":"2021-02-10T15:45:48","modified_gmt":"2021-02-10T20:45:48","slug":"la-persona-mas-vieja-de-europa-sobrevivio-al-covid-19","status":"publish","type":"post","link":"https:\/\/einsteresante.com\/index.php\/2021\/02\/10\/la-persona-mas-vieja-de-europa-sobrevivio-al-covid-19\/","title":{"rendered":"La persona m\u00e1s vieja de Europa sobrevive al COVID-19"},"content":{"rendered":"\n<p>La persona m\u00e1s anciana de Europa se ha recuperado del COVID-19 a tiempo para cumplir 117 a\u00f1os esta semana, seg\u00fan informes de noticias recientes.<\/p>\n\n\n\n<p>Lucile Randon o la hermana Andr\u00e9, una monja francesa que naci\u00f3 en 1904, dio positivo para coronavirus el 16 de enero en un hogar de ancianos en Toulon, Francia, inform\u00f3 Reuters. A pesar de tener un riesgo mucho mayor que una persona m\u00e1s joven de desarrollar COVID-19 grave debido a su edad, no mostr\u00f3 ning\u00fan s\u00edntoma. &#8220;Ni siquiera me di cuenta de que lo ten\u00eda&#8221;, dijo la hermana Andr\u00e9 a Var-Matin, un peri\u00f3dico franc\u00e9s.<\/p>\n\n\n\n<p>Cuando dio positivo por el virus, no tuvo miedo.<\/p>\n\n\n\n<p>&#8220;No me pregunt\u00f3 sobre su salud, sino sobre sus h\u00e1bitos&#8221;, dijo a Var-Matin David Tavella, un vocero de la casa. &#8220;Por ejemplo, quer\u00eda saber si cambiar\u00edan los horarios de las comidas o de irse a dormir. No mostr\u00f3 miedo a la enfermedad. Por otro lado, estaba muy preocupada por los otros residentes&#8221;.<\/p>\n\n\n\n<p>En la casa de Santa Catalina Labour\u00e9 donde vive la hermana Andr\u00e9, 81 de los 88 residentes dieron positivo por el virus y 10 han muerto, seg\u00fan Var-Matin. Pero la hermana Andr\u00e9 fue una de las afortunadas. &#8220;Consideramos que est\u00e1 curada. Est\u00e1 muy tranquila y est\u00e1 ansiosa por celebrar su 117 cumplea\u00f1os el jueves [11 de febrero]&#8221;, dijo Tavella.<\/p>\n\n\n\n<p>Andr\u00e9, quien naci\u00f3 el 11 de febrero de 1904, es la segunda persona m\u00e1s vieja del mundo con vida hoy despu\u00e9s de Kane Tanaka, quien cumpli\u00f3 118 a\u00f1os el 2 de enero, seg\u00fan el Grupo de Investigaci\u00f3n en Gerontolog\u00eda.<\/p>\n\n\n\n<p>&#8220;No estaba asustada porque no ten\u00eda miedo a morir&#8221;, dijo la hermana Andr\u00e9 a BFM, una estaci\u00f3n de televisi\u00f3n francesa, cuando se le pregunt\u00f3 si ten\u00eda miedo de tener COVID-19, seg\u00fan inform\u00f3 The Guardian. &#8220;Estoy feliz de estar con ustedes, pero me gustar\u00eda estar en otro lugar, unirme a mi hermano mayor, mi abuelo y mi abuela&#8221;.<\/p>\n\n\n\n<p>\u00bfC\u00f3mo pudo vivir tanto tiempo y sobrevivir a una infecci\u00f3n que ha abatido incluso a los j\u00f3venes y en forma? No est\u00e1 claro. Los supercentenarios, o las personas que tienen 110 a\u00f1os o m\u00e1s, pueden tener cantidades m\u00e1s altas de lo normal de un tipo de c\u00e9lula inmunitaria asesina en la sangre que podr\u00eda protegerlos de virus y tumores, inform\u00f3 el sitio web Live Science anteriormente.<\/p>\n\n\n\n<p>En un peque\u00f1o estudio de siete supercentenarios, los investigadores encontraron que una gran proporci\u00f3n de sus c\u00e9lulas inmunes estaban formadas por un tipo raro de c\u00e9lula T colaboradora que puede atacar y matar otras c\u00e9lulas. Si bien solo el 2.8% de las c\u00e9lulas T auxiliares en los j\u00f3venes ten\u00edan esta capacidad, en los supercentenarios, ese n\u00famero era del 25%, seg\u00fan el estudio, que se public\u00f3 el 12 de noviembre de 2020 en la revista Proceedings of the National Academy of Sciences. A\u00fan as\u00ed, los resultados no pueden decir con certeza si estas c\u00e9lulas ayudaron a la hermana Andr\u00e9 a vencer el virus.<\/p>\n\n\n\n<p>La hermana Andr\u00e9 dijo a los periodistas hace un a\u00f1o, en un evento para celebrar su 116 cumplea\u00f1os, que come un trozo de chocolate todas las ma\u00f1anas. Quiz\u00e1s, no podr\u00eda doler.<\/p>\n\n\n\n<p>Fuente: <a href=\"https:\/\/www.livescience.com\/europe-oldest-person-survives-covid-19.html\">Live Science<\/a>.<\/p>\n","protected":false},"excerpt":{"rendered":"<p>La persona m\u00e1s anciana de Europa se ha recuperado del COVID-19 a tiempo para cumplir 117 a\u00f1os esta semana, seg\u00fan informes de noticias recientes. Lucile Randon o la hermana Andr\u00e9, una monja francesa que naci\u00f3 en 1904, dio positivo para coronavirus el 16 de enero en un hogar de ancianos en Toulon, Francia, inform\u00f3 Reuters. [&hellip;]<\/p>\n","protected":false},"author":1,"featured_media":0,"comment_status":"open","ping_status":"open","sticky":false,"template":"","format":"standard","meta":{"footnotes":""},"categories":[7],"tags":[],"class_list":["post-4102","post","type-post","status-publish","format-standard","hentry","category-salud-y-medicina"],"_links":{"self":[{"href":"https:\/\/einsteresante.com\/index.php\/wp-json\/wp\/v2\/posts\/4102","targetHints":{"allow":["GET"]}}],"collection":[{"href":"https:\/\/einsteresante.com\/index.php\/wp-json\/wp\/v2\/posts"}],"about":[{"href":"https:\/\/einsteresante.com\/index.php\/wp-json\/wp\/v2\/types\/post"}],"author":[{"embeddable":true,"href":"https:\/\/einsteresante.com\/index.php\/wp-json\/wp\/v2\/users\/1"}],"replies":[{"embeddable":true,"href":"https:\/\/einsteresante.com\/index.php\/wp-json\/wp\/v2\/comments?post=4102"}],"version-history":[{"count":10,"href":"https:\/\/einsteresante.com\/index.php\/wp-json\/wp\/v2\/posts\/4102\/revisions"}],"predecessor-version":[{"id":4113,"href":"https:\/\/einsteresante.com\/index.php\/wp-json\/wp\/v2\/posts\/4102\/revisions\/4113"}],"wp:attachment":[{"href":"https:\/\/einsteresante.com\/index.php\/wp-json\/wp\/v2\/media?parent=4102"}],"wp:term":[{"taxonomy":"category","embeddable":true,"href":"https:\/\/einsteresante.com\/index.php\/wp-json\/wp\/v2\/categories?post=4102"},{"taxonomy":"post_tag","embeddable":true,"href":"https:\/\/einsteresante.com\/index.php\/wp-json\/wp\/v2\/tags?post=4102"}],"curies":[{"name":"wp","href":"https:\/\/api.w.org\/{rel}","templated":true}]}}