{"id":41179,"date":"2023-08-31T23:17:17","date_gmt":"2023-09-01T04:17:17","guid":{"rendered":"https:\/\/einsteresante.com\/?p=41179"},"modified":"2023-08-31T23:17:21","modified_gmt":"2023-09-01T04:17:21","slug":"la-niebla-cerebral-en-el-covid-prolongado-puede-estar-ligada-a-coagulos-de-sangre","status":"publish","type":"post","link":"https:\/\/einsteresante.com\/index.php\/2023\/08\/31\/la-niebla-cerebral-en-el-covid-prolongado-puede-estar-ligada-a-coagulos-de-sangre\/","title":{"rendered":"La niebla cerebral en el COVID prolongado puede estar ligada a co\u00e1gulos de sangre"},"content":{"rendered":"\n<p>La debilitante confusi\u00f3n mental que a menudo experimentan las personas con COVID prolongado puede deberse a co\u00e1gulos sangu\u00edneos, sugiere una nueva investigaci\u00f3n. El COVID prolongado describe innumerables s\u00edntomas que persisten durante semanas o a\u00f1os despu\u00e9s de una infecci\u00f3n por COVID-19. Algunas personas con esta afecci\u00f3n experimentan problemas con el flujo sangu\u00edneo y la capacidad pulmonar, que se han relacionado con co\u00e1gulos sangu\u00edneos diminutos y anormales. Los investigadores han sugerido que los co\u00e1gulos de sangre tambi\u00e9n pueden provocar s\u00edntomas neurol\u00f3gicos de COVID prolongado, como confusi\u00f3n mental, que puede alterar la capacidad de las personas para concentrarse, recordar y ejecutar tareas.<\/p>\n\n\n\n<p>El nuevo estudio, publicado el jueves 31 de agosto en la revista <a rel=\"noreferrer noopener\" href=\"https:\/\/go.redirectingat.com\/?id=92X1590019&amp;xcust=livescience_row_6472226244533150000&amp;xs=1&amp;url=https%3A%2F%2Fwww.nature.com%2Farticles%2Fs41591-023-02525-y&amp;sref=https%3A%2F%2Fwww.livescience.com%2Fhealth%2Fcoronavirus%2Fbrain-fog-in-long-covid-may-be-linked-to-blood-clots\" target=\"_blank\">Nature Medicine<\/a>, respalda esta idea que vincula los co\u00e1gulos de sangre con la confusi\u00f3n mental. Sin embargo, no conecta completamente los puntos para mostrar c\u00f3mo los co\u00e1gulos podr\u00edan en realidad da\u00f1ar los nervios o el cerebro y provocar confusi\u00f3n mental.<\/p>\n\n\n\n<p>&#8220;Me siento optimista de que la ciencia est\u00e9 comenzando a brindarnos informaci\u00f3n real sobre cu\u00e1les son las causas [de la COVID prolongada] y luego los tratamientos potenciales&#8221;, dijo el coautor del estudio Chris Brightling, profesor cl\u00ednico de medicina respiratoria en la Universidad de Leicester en Reino Unido, dijo a <a rel=\"noreferrer noopener\" href=\"https:\/\/www.politico.eu\/article\/long-covid-brain-fog-caused-blood-clots-study-scientists\/\" target=\"_blank\">Politico<\/a>.<\/p>\n\n\n\n<p>&#8220;Lo que todav\u00eda me decepciona es que\u2026 todav\u00eda hay muchos pacientes que est\u00e1n sufriendo y que a\u00fan no se han recuperado por completo&#8221;, dijo. &#8220;Y no sabemos cu\u00e1nto tiempo les llevar\u00e1 recuperarse&#8221;.<\/p>\n\n\n\n<p>La nueva investigaci\u00f3n utiliz\u00f3 datos de casi 1.840 adultos que fueron hospitalizados con COVID-19 en el Reino Unido en 2020 y 2021. Esto limit\u00f3 el enfoque del estudio a pacientes no vacunados que hab\u00edan desarrollado infecciones graves, por lo que no est\u00e1 claro qu\u00e9 tan bien se extienden los resultados a las personas vacunadas y aquellos que desarrollan COVID prolongado despu\u00e9s de infecciones leves o asintom\u00e1ticas. Como parte del estudio post-hospitalizaci\u00f3n COVID-19 (PHOSP-COVID), los participantes dieron muestras de sangre en el momento de la hospitalizaci\u00f3n y luego, seis meses y 12 meses despu\u00e9s, tomaron pruebas cognitivas y completaron cuestionarios, inform\u00f3 <a rel=\"noreferrer noopener\" href=\"https:\/\/www.science.org\/content\/article\/clotting-proteins-linked-long-covid-s-brain-fog\" target=\"_blank\">Science<\/a>.<\/p>\n\n\n\n<p>Dos prote\u00ednas involucradas en la coagulaci\u00f3n de la sangre, llamadas fibrin\u00f3geno y d\u00edmero D, surgieron como predictores clave de los problemas cognitivos de las personas en el futuro. El fibrin\u00f3geno, producido por el h\u00edgado, act\u00faa como el principal componente estructural necesario para formar un co\u00e1gulo de sangre, y el d\u00edmero D es un fragmento de prote\u00edna que se libera cuando los co\u00e1gulos de sangre se descomponen.<\/p>\n\n\n\n<p>En comparaci\u00f3n con aquellos que ten\u00edan menos fibrin\u00f3geno, los pacientes hospitalizados con los niveles m\u00e1s altos de fibrin\u00f3geno obtuvieron peores puntuaciones en las pruebas de memoria y atenci\u00f3n y calificaron su cognici\u00f3n como peor en las encuestas. De manera similar, las personas con niveles altos de d\u00edmero D calificaron su cognici\u00f3n peor en encuestas subjetivas que las personas con niveles bajos de d\u00edmero D. El grupo con alto contenido de d\u00edmero D tambi\u00e9n ten\u00eda m\u00e1s probabilidades de informar problemas con su capacidad para trabajar seis y 12 meses despu\u00e9s de la hospitalizaci\u00f3n.<\/p>\n\n\n\n<p>Las dos prote\u00ednas de coagulaci\u00f3n de la sangre se han relacionado anteriormente con la COVID-19 grave y, por separado, el fibrin\u00f3geno solo se ha asociado con problemas cognitivos y demencia, inform\u00f3 Science. En este punto, se desconoce c\u00f3mo las prote\u00ednas podr\u00edan estar provocando confusi\u00f3n mental en el COVID prolongado.<\/p>\n\n\n\n<p>El autor principal del estudio, el Dr. Maxime Taquet, psiquiatra cl\u00ednico de la Universidad de Oxford, dijo a Science que los co\u00e1gulos sangu\u00edneos relacionados con el fibrin\u00f3geno pueden estar descarrilando el flujo sangu\u00edneo al cerebro o quiz\u00e1s interactuando directamente con las c\u00e9lulas nerviosas. El d\u00edmero D puede estar m\u00e1s relacionado con co\u00e1gulos en los pulmones y problemas respiratorios, que se informaron com\u00fanmente en el grupo con alto contenido de d\u00edmero D, dijo.<\/p>\n\n\n\n<p>&#8220;Las investigaciones futuras deber\u00edan analizar si los tratamientos dirigidos a la coagulaci\u00f3n sangu\u00ednea, por ejemplo, los anticoagulantes, podr\u00edan ayudar a las personas con estos s\u00edntomas&#8221;, dijo a Politico el Dr. Aravinthan Varatharaj, profesor cl\u00ednico de neurolog\u00eda en la Universidad de Southampton que no particip\u00f3 en el estudio. Este uso de anticoagulantes tendr\u00eda que probarse rigurosamente en ensayos.<\/p>\n\n\n\n<p>Fuente: <a href=\"https:\/\/www.livescience.com\/health\/coronavirus\/brain-fog-in-long-covid-may-be-linked-to-blood-clots\" data-type=\"link\" data-id=\"https:\/\/www.livescience.com\/health\/coronavirus\/brain-fog-in-long-covid-may-be-linked-to-blood-clots\">Live Science<\/a>.<\/p>\n","protected":false},"excerpt":{"rendered":"<p>La debilitante confusi\u00f3n mental que a menudo experimentan las personas con COVID prolongado puede deberse a co\u00e1gulos sangu\u00edneos, sugiere una nueva investigaci\u00f3n. El COVID prolongado describe innumerables s\u00edntomas que persisten durante semanas o a\u00f1os despu\u00e9s de una infecci\u00f3n por COVID-19. Algunas personas con esta afecci\u00f3n experimentan problemas con el flujo sangu\u00edneo y la capacidad pulmonar, [&hellip;]<\/p>\n","protected":false},"author":1,"featured_media":0,"comment_status":"open","ping_status":"open","sticky":false,"template":"","format":"standard","meta":{"footnotes":""},"categories":[7],"tags":[],"class_list":["post-41179","post","type-post","status-publish","format-standard","hentry","category-salud-y-medicina"],"_links":{"self":[{"href":"https:\/\/einsteresante.com\/index.php\/wp-json\/wp\/v2\/posts\/41179","targetHints":{"allow":["GET"]}}],"collection":[{"href":"https:\/\/einsteresante.com\/index.php\/wp-json\/wp\/v2\/posts"}],"about":[{"href":"https:\/\/einsteresante.com\/index.php\/wp-json\/wp\/v2\/types\/post"}],"author":[{"embeddable":true,"href":"https:\/\/einsteresante.com\/index.php\/wp-json\/wp\/v2\/users\/1"}],"replies":[{"embeddable":true,"href":"https:\/\/einsteresante.com\/index.php\/wp-json\/wp\/v2\/comments?post=41179"}],"version-history":[{"count":10,"href":"https:\/\/einsteresante.com\/index.php\/wp-json\/wp\/v2\/posts\/41179\/revisions"}],"predecessor-version":[{"id":41189,"href":"https:\/\/einsteresante.com\/index.php\/wp-json\/wp\/v2\/posts\/41179\/revisions\/41189"}],"wp:attachment":[{"href":"https:\/\/einsteresante.com\/index.php\/wp-json\/wp\/v2\/media?parent=41179"}],"wp:term":[{"taxonomy":"category","embeddable":true,"href":"https:\/\/einsteresante.com\/index.php\/wp-json\/wp\/v2\/categories?post=41179"},{"taxonomy":"post_tag","embeddable":true,"href":"https:\/\/einsteresante.com\/index.php\/wp-json\/wp\/v2\/tags?post=41179"}],"curies":[{"name":"wp","href":"https:\/\/api.w.org\/{rel}","templated":true}]}}