{"id":43391,"date":"2023-10-15T01:23:25","date_gmt":"2023-10-15T06:23:25","guid":{"rendered":"https:\/\/einsteresante.com\/?p=43391"},"modified":"2023-10-15T01:23:26","modified_gmt":"2023-10-15T06:23:26","slug":"este-investigador-no-quiere-viajar-en-avion-para-reducir-sus-emisiones-su-universidad-lo-despidio","status":"publish","type":"post","link":"https:\/\/einsteresante.com\/index.php\/2023\/10\/15\/este-investigador-no-quiere-viajar-en-avion-para-reducir-sus-emisiones-su-universidad-lo-despidio\/","title":{"rendered":"Este investigador no quiere viajar en avi\u00f3n para reducir sus emisiones. Su universidad lo despidi\u00f3"},"content":{"rendered":"\n<p>Nota de la fuente: este art\u00edculo se public\u00f3 inicialmente hace m\u00e1s de una semana y posteriormente se actualiz\u00f3 con nueva informaci\u00f3n.<\/p>\n\n\n\n<p>Gianluca Grimalda, investigador del Instituto Kiel para la Econom\u00eda Mundial en Alemania, ha pasado los \u00faltimos seis meses estudiando los impactos del cambio clim\u00e1tico en las Islas Salom\u00f3n. Una vez terminado, ha sido despedido tras negarse a regresar a Alemania a corto plazo, lo que va en contra de su objeci\u00f3n a volar.<\/p>\n\n\n\n<p>Volar tiene un gran impacto en el medio ambiente debido a sus emisiones de gases de efecto invernadero. Los aviones queman combustibles f\u00f3siles, que luego liberan di\u00f3xido de carbono (CO2). Las emisiones de la aviaci\u00f3n han aumentado m\u00e1s r\u00e1pido que las de cualquier otro modo de transporte, raz\u00f3n por la cual los defensores del medio ambiente frecuentemente argumentan a favor de otras formas de transporte.<\/p>\n\n\n\n<p>Grimalda no es ajeno a la controversia. El a\u00f1o pasado, Grimalda se peg\u00f3 al suelo de una f\u00e1brica de Porsche como parte de una protesta clim\u00e1tica, lo que le llev\u00f3 a ser arrestado. Desde entonces trabaja en zonas rurales de Bougainville, una isla en medio del Oc\u00e9ano Pac\u00edfico. Se supon\u00eda que su investigaci\u00f3n habr\u00eda terminado en julio, pero le llev\u00f3 45 d\u00edas m\u00e1s completarla.<\/p>\n\n\n\n<p>\u201cTuve que interrumpir la investigaci\u00f3n dos veces por graves amenazas a la seguridad. En una ocasi\u00f3n, excombatientes del conflicto civil de 1990-8 organizaron un control de carretera, nos tomaron como rehenes a m\u00ed y a mi asistente bajo amenaza de machete, confiscaron todas mis pertenencias y pidieron un rescate por su liberaci\u00f3n\u201d, explic\u00f3 en una carta abierta publicada anteriormente esta semana.<\/p>\n\n\n\n<p>Ahora, el Instituto Kiel le pidi\u00f3 a Grimalda que regresara a Alemania con poca antelaci\u00f3n. Hacerlo implicar\u00eda tomar un avi\u00f3n, algo que el investigador \u201cdesprecia\u201d ya que producir\u00eda alrededor de cuatro toneladas de CO2. En cambio, planeaba viajar por tierra y por mar, como hizo en su viaje de ida, ahorrando as\u00ed en sus emisiones.<\/p>\n\n\n\n<p>Pero esto llevar\u00eda demasiado tiempo, argumenta la universidad, lo que llev\u00f3 a la decisi\u00f3n de despedir a Grimalda. Le dijo a The Guardian que est\u00e1 considerando apelar la decisi\u00f3n y que ha pedido ayuda al sindicato. Sin embargo, reconoce que las acciones de la universidad parecen justificadas desde el punto de vista jur\u00eddico.<\/p>\n\n\n\n<p><strong>El coste clim\u00e1tico de volar<\/strong><\/p>\n\n\n\n<figure class=\"wp-block-embed is-type-rich is-provider-twitter wp-block-embed-twitter\"><div class=\"wp-block-embed__wrapper\">\n<blockquote class=\"twitter-tweet\" data-width=\"550\" data-dnt=\"true\"><p lang=\"en\" dir=\"ltr\">My <a href=\"https:\/\/twitter.com\/hashtag\/SlowTravel?src=hash&amp;ref_src=twsrc%5Etfw\">#SlowTravel<\/a> from Germany\ud83c\udde9\ud83c\uddea to PNG\ud83c\uddf5\ud83c\uddec for fieldwork research has started.I plan to travel 39,000km on land and sea rather than\u2708\ufe0f to reduce my carbon footprint. My trip will reduce CO2 by 6,7tons compared to\u2708\ufe0f-albeit still emitting 2,7tons. Here you can follow daily updates. 1\/\ud83e\uddf5 <a href=\"https:\/\/t.co\/3akG7FxTs6\">pic.twitter.com\/3akG7FxTs6<\/a><\/p>&mdash; dr. gianluca grimalda (@GGrimalda) <a href=\"https:\/\/twitter.com\/GGrimalda\/status\/1626344390196068352?ref_src=twsrc%5Etfw\">February 16, 2023<\/a><\/blockquote><script async src=\"https:\/\/platform.twitter.com\/widgets.js\" charset=\"utf-8\"><\/script>\n<\/div><\/figure>\n\n\n\n<p>En su carta abierta, el investigador reconoce que ya deber\u00eda haber regresado a Kiel y que habl\u00f3 de su retraso en el regreso al jefe del \u00e1rea y no al departamento de personal. Pero cree que esto no es motivo suficiente para perder su trabajo, sobre todo teniendo en cuenta que en Kiel no hay &#8220;nada&#8221; que requiera su presencia.<\/p>\n\n\n\n<p>\u201cNo ense\u00f1o, no tengo que asistir a seminarios ni a otras reuniones. Cuando estoy en Kiel, paso la mayor parte de mis d\u00edas de trabajo solo en mi oficina. No hay nada que deba hacer en Kiel que no pueda hacer en un barco o en tren mientras viajo. Saben que en realidad soy muy productivo cuando viajo\u201d, escribi\u00f3 Grimalda, diciendo que ha tenido un a\u00f1o \u201cprol\u00edfico\u201d.<\/p>\n\n\n\n<p>El investigador se enfrent\u00f3 a un dilema, tal y como explica en su carta. Ya sea manteniendo su trabajo mientras reniega de sus principios, o perdiendo su trabajo mientras se aferra a sus principios. Si bien dice que muchos optar\u00edan por la primera opci\u00f3n, cree que hemos llegado al punto en el que la racionalidad instrumental \u201cya no es aplicable\u201d y no volar\u00e1.<\/p>\n\n\n\n<p>Grimalda dijo que si bien dejar\u00e1 de investigar, lo que \u201cm\u00e1s ama\u201d y por lo que \u201cha sacrificado mucho\u201d, est\u00e1 de acuerdo con \u201cpagar el precio\u201d, ya que ayudar\u00eda a crear conciencia sobre la crisis clim\u00e1tica. Lo describe como su \u201cacto de amor\u201d a las generaciones actuales y futuras y a las especies animales en peligro de extinci\u00f3n.<\/p>\n\n\n\n<p>Otros investigadores han expresado su apoyo en las redes sociales por su valent\u00eda de ir en contra de &#8220;lo de siempre&#8221;. La historia sirve como un conmovedor recordatorio de la compleja interacci\u00f3n entre las elecciones individuales y el cambio sist\u00e9mico. La negativa de Grimalda a volar de regreso a Alemania no es s\u00f3lo un acto de convicci\u00f3n personal. Es un desaf\u00edo para las instituciones y sistemas que a\u00fan no han integrado plenamente la sostenibilidad en sus valores operativos. En un mundo que lucha contra la amenaza existencial del cambio clim\u00e1tico, tal vez sea hora de que todos consideremos a qu\u00e9 estamos dispuestos a renunciar (y qu\u00e9 podemos ganar) en la lucha por un futuro sostenible.<\/p>\n\n\n\n<p>Fuente: <a href=\"https:\/\/www.zmescience.com\/science\/update-this-researcher-doesnt-want-to-travel-by-plane-to-reduce-his-emissions-his-university-says-theyll-sack-him\/\" data-type=\"link\" data-id=\"https:\/\/www.zmescience.com\/science\/update-this-researcher-doesnt-want-to-travel-by-plane-to-reduce-his-emissions-his-university-says-theyll-sack-him\/\">ZME Science<\/a>.<\/p>\n","protected":false},"excerpt":{"rendered":"<p>Nota de la fuente: este art\u00edculo se public\u00f3 inicialmente hace m\u00e1s de una semana y posteriormente se actualiz\u00f3 con nueva informaci\u00f3n. Gianluca Grimalda, investigador del Instituto Kiel para la Econom\u00eda Mundial en Alemania, ha pasado los \u00faltimos seis meses estudiando los impactos del cambio clim\u00e1tico en las Islas Salom\u00f3n. Una vez terminado, ha sido despedido [&hellip;]<\/p>\n","protected":false},"author":1,"featured_media":0,"comment_status":"open","ping_status":"open","sticky":false,"template":"","format":"standard","meta":{"footnotes":""},"categories":[22],"tags":[],"class_list":["post-43391","post","type-post","status-publish","format-standard","hentry","category-politica-y-sociedad"],"_links":{"self":[{"href":"https:\/\/einsteresante.com\/index.php\/wp-json\/wp\/v2\/posts\/43391","targetHints":{"allow":["GET"]}}],"collection":[{"href":"https:\/\/einsteresante.com\/index.php\/wp-json\/wp\/v2\/posts"}],"about":[{"href":"https:\/\/einsteresante.com\/index.php\/wp-json\/wp\/v2\/types\/post"}],"author":[{"embeddable":true,"href":"https:\/\/einsteresante.com\/index.php\/wp-json\/wp\/v2\/users\/1"}],"replies":[{"embeddable":true,"href":"https:\/\/einsteresante.com\/index.php\/wp-json\/wp\/v2\/comments?post=43391"}],"version-history":[{"count":10,"href":"https:\/\/einsteresante.com\/index.php\/wp-json\/wp\/v2\/posts\/43391\/revisions"}],"predecessor-version":[{"id":43401,"href":"https:\/\/einsteresante.com\/index.php\/wp-json\/wp\/v2\/posts\/43391\/revisions\/43401"}],"wp:attachment":[{"href":"https:\/\/einsteresante.com\/index.php\/wp-json\/wp\/v2\/media?parent=43391"}],"wp:term":[{"taxonomy":"category","embeddable":true,"href":"https:\/\/einsteresante.com\/index.php\/wp-json\/wp\/v2\/categories?post=43391"},{"taxonomy":"post_tag","embeddable":true,"href":"https:\/\/einsteresante.com\/index.php\/wp-json\/wp\/v2\/tags?post=43391"}],"curies":[{"name":"wp","href":"https:\/\/api.w.org\/{rel}","templated":true}]}}