{"id":43770,"date":"2023-10-22T23:32:06","date_gmt":"2023-10-23T04:32:06","guid":{"rendered":"https:\/\/einsteresante.com\/?p=43770"},"modified":"2023-10-22T23:32:07","modified_gmt":"2023-10-23T04:32:07","slug":"sequia-en-el-amazonas-brasileno-revela-antiguos-grabados","status":"publish","type":"post","link":"https:\/\/einsteresante.com\/index.php\/2023\/10\/22\/sequia-en-el-amazonas-brasileno-revela-antiguos-grabados\/","title":{"rendered":"Sequ\u00eda en el Amazonas brasile\u00f1o revela antiguos grabados"},"content":{"rendered":"\n<p>Una sequ\u00eda extrema en partes del Amazonas ha provocado una ca\u00edda dram\u00e1tica en los niveles de agua de los r\u00edos, exponiendo docenas de formaciones rocosas generalmente sumergidas con grabados de formas humanas que pueden datar de unos 2.000 a\u00f1os. Livia Ribeiro, residente desde hace mucho tiempo de la ciudad m\u00e1s grande del Amazonas, Manaos, dijo que escuch\u00f3 sobre los grabados rupestres a trav\u00e9s de amigos y quer\u00eda verlos.<\/p>\n\n\n\n<p>&#8220;Pens\u00e9 que era mentira\u2026 Nunca hab\u00eda visto esto. He vivido en Manaos durante 27 a\u00f1os&#8221;, dijo Ribeiro, un administrador, despu\u00e9s de ver las deslumbrantes reliquias.<\/p>\n\n\n\n<p>Los grabados rupestres no suelen ser visibles porque est\u00e1n cubiertos por las aguas del r\u00edo Negro, cuyo caudal registr\u00f3 la semana pasada su nivel m\u00e1s bajo en 121 a\u00f1os. La aparici\u00f3n de los grabados en la orilla del r\u00edo ha deleitado tanto a los cient\u00edficos como al p\u00fablico en general, pero tambi\u00e9n ha planteado preguntas inquietantes.<\/p>\n\n\n\n<figure class=\"wp-block-image size-large\"><img decoding=\"async\" src=\"https:\/\/einsteresante.com\/wp-content\/uploads\/2023\/10\/image-60-1024x682.png\" alt=\"\" class=\"wp-image-43775\"\/><figcaption class=\"wp-element-caption\">El arque\u00f3logo Jaime Oliveira muestra los grabados rupestres ahora expuestos a lo largo del r\u00edo Negro de Brasil.<\/figcaption><\/figure>\n\n\n\n<p>&#8220;Venimos, miramos (los grabados) y pensamos que son hermosos. Pero al mismo tiempo es preocupante\u2026 Tambi\u00e9n pienso en si este r\u00edo existir\u00e1 dentro de 50 o 100 a\u00f1os&#8221;, dijo Ribeiro.<\/p>\n\n\n\n<p>La sequ\u00eda en la Amazon\u00eda brasile\u00f1a ha reducido dr\u00e1sticamente los niveles de los r\u00edos en las \u00faltimas semanas, afectando a una regi\u00f3n que depende de un laberinto de v\u00edas fluviales para el transporte y los suministros. El gobierno brasile\u00f1o ha enviado ayuda de emergencia a la zona, donde las riberas de los r\u00edos normalmente bulliciosos est\u00e1n secas y llenas de barcos varados.<\/p>\n\n\n\n<p>Seg\u00fan los expertos, la estaci\u00f3n seca ha empeorado este a\u00f1o debido a El Ni\u00f1o, un patr\u00f3n clim\u00e1tico irregular sobre el Oc\u00e9ano Pac\u00edfico que altera el tiempo normal, sum\u00e1ndose al efecto del cambio clim\u00e1tico. Los grabados constituyen un sitio arqueol\u00f3gico de &#8220;gran relevancia&#8221;, afirm\u00f3 Jaime Oliveira, del Instituto Brasile\u00f1o de Patrimonio Hist\u00f3rico (Iphan). Se encuentran en un sitio conocido como Praia das Lajes y fueron vistos por primera vez en 2010, durante otro per\u00edodo de sequ\u00eda no tan severo como el actual.<\/p>\n\n\n\n<p>Los grabados rupestres aparecen sobre un fondo de densa jungla, con las aguas bajas y parduscas del r\u00edo Negro fluyendo cerca. La mayor\u00eda de los grabados son de rostros humanos, algunos rectangulares y otros ovalados, con sonrisas o expresiones sombr\u00edas.<\/p>\n\n\n\n<p>&#8220;El sitio expresa emociones, sentimientos, es un disco grabado en roca, pero tiene algo en com\u00fan con las obras de arte actuales&#8221;, dijo Oliveira.<\/p>\n\n\n\n<p>Para Beatriz Carneiro, historiadora y miembro del Iphan, la Praia das Lajes tiene un valor &#8220;inestimable&#8221; para comprender a los primeros pueblos que habitaron la regi\u00f3n, un campo a\u00fan poco explorado.<\/p>\n\n\n\n<p>&#8220;Lamentablemente est\u00e1 reapareciendo ahora con el empeoramiento de la sequ\u00eda&#8221;, dijo Carneiro. &#8220;Recuperar nuestros r\u00edos (inundados) y mantener los grabados sumergidos ayudar\u00e1 a preservarlos, incluso m\u00e1s que nuestro trabajo&#8221;.<\/p>\n\n\n\n<p>Fuente: <a href=\"https:\/\/phys.org\/news\/2023-10-drought-brazil-amazon-reveals-ancient.html\" data-type=\"link\" data-id=\"https:\/\/phys.org\/news\/2023-10-drought-brazil-amazon-reveals-ancient.html\">Phys.org<\/a>.<\/p>\n","protected":false},"excerpt":{"rendered":"<p>Una sequ\u00eda extrema en partes del Amazonas ha provocado una ca\u00edda dram\u00e1tica en los niveles de agua de los r\u00edos, exponiendo docenas de formaciones rocosas generalmente sumergidas con grabados de formas humanas que pueden datar de unos 2.000 a\u00f1os. Livia Ribeiro, residente desde hace mucho tiempo de la ciudad m\u00e1s grande del Amazonas, Manaos, dijo [&hellip;]<\/p>\n","protected":false},"author":1,"featured_media":0,"comment_status":"open","ping_status":"open","sticky":false,"template":"","format":"standard","meta":{"footnotes":""},"categories":[6],"tags":[],"class_list":["post-43770","post","type-post","status-publish","format-standard","hentry","category-humanidades"],"_links":{"self":[{"href":"https:\/\/einsteresante.com\/index.php\/wp-json\/wp\/v2\/posts\/43770","targetHints":{"allow":["GET"]}}],"collection":[{"href":"https:\/\/einsteresante.com\/index.php\/wp-json\/wp\/v2\/posts"}],"about":[{"href":"https:\/\/einsteresante.com\/index.php\/wp-json\/wp\/v2\/types\/post"}],"author":[{"embeddable":true,"href":"https:\/\/einsteresante.com\/index.php\/wp-json\/wp\/v2\/users\/1"}],"replies":[{"embeddable":true,"href":"https:\/\/einsteresante.com\/index.php\/wp-json\/wp\/v2\/comments?post=43770"}],"version-history":[{"count":6,"href":"https:\/\/einsteresante.com\/index.php\/wp-json\/wp\/v2\/posts\/43770\/revisions"}],"predecessor-version":[{"id":43777,"href":"https:\/\/einsteresante.com\/index.php\/wp-json\/wp\/v2\/posts\/43770\/revisions\/43777"}],"wp:attachment":[{"href":"https:\/\/einsteresante.com\/index.php\/wp-json\/wp\/v2\/media?parent=43770"}],"wp:term":[{"taxonomy":"category","embeddable":true,"href":"https:\/\/einsteresante.com\/index.php\/wp-json\/wp\/v2\/categories?post=43770"},{"taxonomy":"post_tag","embeddable":true,"href":"https:\/\/einsteresante.com\/index.php\/wp-json\/wp\/v2\/tags?post=43770"}],"curies":[{"name":"wp","href":"https:\/\/api.w.org\/{rel}","templated":true}]}}