{"id":4441,"date":"2021-02-21T10:53:38","date_gmt":"2021-02-21T15:53:38","guid":{"rendered":"http:\/\/einsteresante.com\/?p=4441"},"modified":"2021-02-21T10:53:39","modified_gmt":"2021-02-21T15:53:39","slug":"las-variaciones-en-la-luz-solar-se-deben-mas-a-la-contaminacion-que-a-las-nubes-segun-estudio","status":"publish","type":"post","link":"https:\/\/einsteresante.com\/index.php\/2021\/02\/21\/las-variaciones-en-la-luz-solar-se-deben-mas-a-la-contaminacion-que-a-las-nubes-segun-estudio\/","title":{"rendered":"Las variaciones en la luz solar se deben m\u00e1s a la contaminaci\u00f3n que a las nubes, seg\u00fan estudio"},"content":{"rendered":"\n<p>La cantidad de luz solar que llega a la superficie de la Tierra ha estado fluctuando durante d\u00e9cadas, y un nuevo estudio respalda la idea de que la actividad humana es la culpable.<\/p>\n\n\n\n<p>A finales de la d\u00e9cada de 1980, los investigadores notaron por primera vez una disminuci\u00f3n constante o una &#8220;atenuaci\u00f3n&#8221; en el brillo de la Tierra en varias partes del mundo, incluida una ca\u00edda de casi el 30% en la luz solar desde la d\u00e9cada de 1950 en una regi\u00f3n particular de la Uni\u00f3n Sovi\u00e9tica.<\/p>\n\n\n\n<p>Solo unas d\u00e9cadas m\u00e1s tarde, despu\u00e9s de que se prohibieran los aerosoles m\u00e1s da\u00f1inos y se disolviera la Uni\u00f3n Sovi\u00e9tica, la tendencia cambi\u00f3 repentinamente de un efecto de &#8220;atenuaci\u00f3n global&#8221; a uno de brillo.<\/p>\n\n\n\n<p>Durante mucho tiempo se sospech\u00f3 que las part\u00edculas finas, como los aerosoles de sulfato, crean una neblina en la atm\u00f3sfera que bloquea la entrada de la luz solar. La evidencia ha demostrado que este tipo de contaminaci\u00f3n refleja casi toda la radiaci\u00f3n que encuentra en la atm\u00f3sfera, mientras que tambi\u00e9n refleja o absorbe la luz.<\/p>\n\n\n\n<p>Si estas part\u00edculas son responsables o no de d\u00e9cadas de atenuaci\u00f3n global sigue siendo controvertido, y algunos argumentan que las variabilidades naturales, como la absorci\u00f3n de la luz solar por las nubes, son factores m\u00e1s importantes que la contaminaci\u00f3n en la cantidad de luz que llega a la Tierra.<\/p>\n\n\n\n<p>Este nuevo estudio busc\u00f3 tener en cuenta las variaciones en la luz solar en condiciones despejadas y nubladas y encontr\u00f3 que la contaminaci\u00f3n producida por el hombre es, de hecho, uno de los principales culpables de la atenuaci\u00f3n.<\/p>\n\n\n\n<p>Wild y sus colegas utilizaron datos hist\u00f3ricos recopilados entre 1947 y 2017 por el registro de radiaci\u00f3n solar de Potsdam. El registro de Potsdam est\u00e1 considerado como una de las mediciones continuas m\u00e1s largas y mejor mantenidas del mundo de la radiaci\u00f3n solar en la superficie de la Tierra.<\/p>\n\n\n\n<p>Incluso cuando el cielo est\u00e1 despejado, el an\u00e1lisis revela que puede haber fuertes tendencias de oscurecimiento y brillo, similares a los cielos nublados.<\/p>\n\n\n\n<p>&#8220;Nuestro an\u00e1lisis muestra que las fuertes variaciones decenales (atenuaci\u00f3n y brillo) no solo aparecen cuando se consideran las nubes, sino que tambi\u00e9n siguen siendo evidentes en condiciones libres de nubes cuando se eliminan los efectos de las nubes&#8221;, escriben los autores en su art\u00edculo publicado.<\/p>\n\n\n\n<p>Con las nubes descartadas, los autores argumentan que las variaciones en los aerosoles deben ser un modificador sustancial del oscurecimiento y brillo global.<\/p>\n\n\n\n<p>&#8220;Aunque ya lo hab\u00edamos asumido, no hab\u00edamos podido probarlo directamente hasta ahora&#8221;, dice el cient\u00edfico clim\u00e1tico y autor principal del estudio, Martin Wild.<\/p>\n\n\n\n<p>Ser\u00eda bueno pensar que la atenuaci\u00f3n global ya no es un problema, pero el hecho de que el mundo se est\u00e9 iluminando no significa que nuestro futuro lo sea.<\/p>\n\n\n\n<p>Recientemente, algunos aerosoles prohibidos internacionalmente han comenzado a aumentar misteriosamente, e incluso si los controlamos, a los cient\u00edficos les preocupa que la atenuaci\u00f3n hist\u00f3rica ya haya ayudado a enmascarar algunos de los efectos del calentamiento global.<\/p>\n\n\n\n<p>Advierten que m\u00e1s luz solar que llega al planeta no es necesariamente algo bueno; podr\u00eda hacer que una futura &#8220;Tierra de invernadero&#8221; sea a\u00fan m\u00e1s caliente.<\/p>\n\n\n\n<p>Esa es en parte la raz\u00f3n por la que algunos expertos est\u00e1n investigando formas de inducir la atenuaci\u00f3n global a trav\u00e9s de la geoingenier\u00eda solar, aunque otros piensan que es demasiado arriesgado.<\/p>\n\n\n\n<p>Recientemente, por ejemplo, un estudio en el \u00c1rtico vincul\u00f3 las pr\u00e1cticas mineras pesadas con el oscurecimiento regional, y se descubri\u00f3 que esto reduce el crecimiento de los \u00e1rboles desde la d\u00e9cada de 1970.<\/p>\n\n\n\n<p>Los bosques son uno de los sumideros de carbono m\u00e1s importantes de la Tierra, y si el crecimiento de los \u00e1rboles se ralentiza con menos luz solar en tal medida, podr\u00edamos estar dispar\u00e1ndonos seriamente en el pie.<\/p>\n\n\n\n<p>Claramente no hay una soluci\u00f3n f\u00e1cil, pero esta nueva investigaci\u00f3n sugiere que nosotros mismos nos llevamos el problema.<\/p>\n\n\n\n<p>Fuente: <a href=\"https:\/\/www.sciencealert.com\/variations-in-sunlight-have-more-to-do-with-human-pollution-than-clouds\">Science Alert<\/a>.<\/p>\n","protected":false},"excerpt":{"rendered":"<p>La cantidad de luz solar que llega a la superficie de la Tierra ha estado fluctuando durante d\u00e9cadas, y un nuevo estudio respalda la idea de que la actividad humana es la culpable. A finales de la d\u00e9cada de 1980, los investigadores notaron por primera vez una disminuci\u00f3n constante o una &#8220;atenuaci\u00f3n&#8221; en el brillo [&hellip;]<\/p>\n","protected":false},"author":1,"featured_media":0,"comment_status":"open","ping_status":"open","sticky":false,"template":"","format":"standard","meta":{"footnotes":""},"categories":[10],"tags":[],"class_list":["post-4441","post","type-post","status-publish","format-standard","hentry","category-medio-ambiente"],"_links":{"self":[{"href":"https:\/\/einsteresante.com\/index.php\/wp-json\/wp\/v2\/posts\/4441","targetHints":{"allow":["GET"]}}],"collection":[{"href":"https:\/\/einsteresante.com\/index.php\/wp-json\/wp\/v2\/posts"}],"about":[{"href":"https:\/\/einsteresante.com\/index.php\/wp-json\/wp\/v2\/types\/post"}],"author":[{"embeddable":true,"href":"https:\/\/einsteresante.com\/index.php\/wp-json\/wp\/v2\/users\/1"}],"replies":[{"embeddable":true,"href":"https:\/\/einsteresante.com\/index.php\/wp-json\/wp\/v2\/comments?post=4441"}],"version-history":[{"count":4,"href":"https:\/\/einsteresante.com\/index.php\/wp-json\/wp\/v2\/posts\/4441\/revisions"}],"predecessor-version":[{"id":4445,"href":"https:\/\/einsteresante.com\/index.php\/wp-json\/wp\/v2\/posts\/4441\/revisions\/4445"}],"wp:attachment":[{"href":"https:\/\/einsteresante.com\/index.php\/wp-json\/wp\/v2\/media?parent=4441"}],"wp:term":[{"taxonomy":"category","embeddable":true,"href":"https:\/\/einsteresante.com\/index.php\/wp-json\/wp\/v2\/categories?post=4441"},{"taxonomy":"post_tag","embeddable":true,"href":"https:\/\/einsteresante.com\/index.php\/wp-json\/wp\/v2\/tags?post=4441"}],"curies":[{"name":"wp","href":"https:\/\/api.w.org\/{rel}","templated":true}]}}