{"id":4696,"date":"2021-03-01T08:48:27","date_gmt":"2021-03-01T13:48:27","guid":{"rendered":"http:\/\/einsteresante.com\/?p=4696"},"modified":"2021-03-01T08:48:28","modified_gmt":"2021-03-01T13:48:28","slug":"estudio-revela-una-relacion-entre-el-suicidio-y-la-percepcion-del-tiempo","status":"publish","type":"post","link":"https:\/\/einsteresante.com\/index.php\/2021\/03\/01\/estudio-revela-una-relacion-entre-el-suicidio-y-la-percepcion-del-tiempo\/","title":{"rendered":"Estudio revela una relaci\u00f3n entre el suicidio y la percepci\u00f3n del tiempo"},"content":{"rendered":"\n<p>Si queremos tener la oportunidad de revertir las crecientes tasas de suicidio, los investigadores dicen que debemos comprender m\u00e1s sobre la forma en que progresa el suicidio: los desarrollos que conducen desde los pensamientos suicidas hasta el acto que acaba con la vida de una persona.<\/p>\n\n\n\n<p>Una parte importante de esa progresi\u00f3n es el tiempo. \u00bfCu\u00e1nto tiempo persiste la ideaci\u00f3n suicida en la mente de una persona? \u00bfCu\u00e1nto tiempo pasar\u00e1 antes de que esos pensamientos lleven a una persona a intentar suicidarse? \u00bfY c\u00f3mo influye la percepci\u00f3n del tiempo de un individuo en las cosas?<\/p>\n\n\n\n<p>En un nuevo estudio, los investigadores investigaron estas preguntas, encuestando a un grupo de m\u00e1s de 280 participantes.<\/p>\n\n\n\n<p>La cohorte incluy\u00f3 a personas que hab\u00edan intentado suicidarse recientemente, personas con depresi\u00f3n que actualmente experimentan pensamientos suicidas, pacientes con depresi\u00f3n no suicidas y controles sanos sin antecedentes de enfermedad mental o abuso de drogas.<\/p>\n\n\n\n<p>Los participantes realizaron una variedad de pruebas, dise\u00f1adas para medir aspectos como su nivel de depresi\u00f3n y ansiedad, pero tambi\u00e9n protocolos que midieron los niveles de impulsividad y una tarea de estimaci\u00f3n del tiempo que sondea qu\u00e9 tan r\u00e1pido o lento un individuo percibe que pasa el tiempo.<\/p>\n\n\n\n<p>En los resultados, los investigadores encontraron que entre las personas que hab\u00edan intentado suicidarse, la cantidad de tiempo que contemplaron el suicidio estuvo dominada por dos patrones distintos: los que pensaron en el suicidio durante menos de 5 minutos y los que lo pensaron durante m\u00e1s de 5 minutos tres horas.<\/p>\n\n\n\n<p>De manera similar, el intervalo de la acci\u00f3n suicida, la diferencia de tiempo entre la decisi\u00f3n de suicidarse y el intento resultante, mostr\u00f3 una divisi\u00f3n significativa en los datos, y la mayor\u00eda de los pacientes indicaron menos de 5 minutos o m\u00e1s de tres horas.<\/p>\n\n\n\n<p>Adem\u00e1s de esto, los investigadores encontraron que la percepci\u00f3n de la desaceleraci\u00f3n del tiempo estaba relacionada con la gravedad de la ideaci\u00f3n suicida, y las personas que contemplaban pensamientos suicidas durante hasta tres horas mostraban una mayor desaceleraci\u00f3n del tiempo en los resultados de la estimaci\u00f3n del tiempo.<\/p>\n\n\n\n<p>&#8220;El principal mensaje para llevar a casa es que un n\u00famero considerable de personas que intentan suicidarse lo hacen impulsivamente&#8221;, dijo a PsyPost el primer autor y psiquiatra Ricardo Caceda de la Universidad de Stony Brook.<\/p>\n\n\n\n<p>&#8220;Un segundo punto es que durante una crisis suicida, las personas tienden a experimentar el tiempo muy lentamente, lo que probablemente contribuya al empeoramiento de la experiencia de angustia psicol\u00f3gica intensa&#8221;.<\/p>\n\n\n\n<p>Si bien existen l\u00edmites en cuanto a lo que podemos concluir a partir de los resultados, los investigadores sugieren que una mayor sensaci\u00f3n de que el tiempo pasa lentamente podr\u00eda reflejar una especie de &#8220;fen\u00f3menos de tipo desrealizaci\u00f3n o despersonalizaci\u00f3n&#8221;, con alteraciones similares en la percepci\u00f3n del tiempo que se han visto en investigaciones previas con soldados y en pacientes con trastorno de estr\u00e9s postraum\u00e1tico.<\/p>\n\n\n\n<p>&#8220;La experiencia de desaceleraci\u00f3n o dilataci\u00f3n del tiempo en pacientes suicidas, probablemente desencadenada por un dolor psicol\u00f3gico abrumador, puede a su vez empeorar la percepci\u00f3n de ineludibilidad del dolor psicol\u00f3gico&#8221;, escriben los investigadores en su estudio.<\/p>\n\n\n\n<p>&#8220;Se podr\u00eda plantear la hip\u00f3tesis de que el punto \u00e1lgido de una crisis suicida podr\u00eda ser un estado de tipo disociativo, desencadenado por un dolor psicol\u00f3gico abrumador y caracterizado por una percepci\u00f3n m\u00e1s lenta del tiempo&#8221;.<\/p>\n\n\n\n<p>M\u00e1s all\u00e1 de las hip\u00f3tesis sobre los efectos de la percepci\u00f3n del tiempo, los investigadores esperan que sus nuevos datos sobre tiempos relacionados con la contemplaci\u00f3n suicida y el intervalo de acci\u00f3n suicida puedan ayudar a informar nuevos conocimientos cl\u00ednicos, dando a los m\u00e9dicos m\u00e1s conciencia de los factores de riesgo relacionados con el tiempo, lo que alg\u00fan d\u00eda podr\u00eda ayudar a mejorar las estrategias de prevenci\u00f3n del suicidio.<\/p>\n\n\n\n<p><em>Nota: si el asunto de este art\u00edculo te concierne o necesitas hablar con alguien consulta la <a href=\"https:\/\/www.suicidestop.com\/call_a_hotline.html\">l\u00ednea de emergencias en tu pa\u00eds<\/a> y busca ayuda.<\/em><\/p>\n\n\n\n<p>Fuente: <a href=\"https:\/\/www.sciencealert.com\/new-evidence-reveals-a-link-between-suicide-and-people-s-perception-of-time\">Science Alert<\/a>.<\/p>\n","protected":false},"excerpt":{"rendered":"<p>Si queremos tener la oportunidad de revertir las crecientes tasas de suicidio, los investigadores dicen que debemos comprender m\u00e1s sobre la forma en que progresa el suicidio: los desarrollos que conducen desde los pensamientos suicidas hasta el acto que acaba con la vida de una persona. Una parte importante de esa progresi\u00f3n es el tiempo. [&hellip;]<\/p>\n","protected":false},"author":1,"featured_media":0,"comment_status":"open","ping_status":"open","sticky":false,"template":"","format":"standard","meta":{"footnotes":""},"categories":[7],"tags":[],"class_list":["post-4696","post","type-post","status-publish","format-standard","hentry","category-salud-y-medicina"],"_links":{"self":[{"href":"https:\/\/einsteresante.com\/index.php\/wp-json\/wp\/v2\/posts\/4696","targetHints":{"allow":["GET"]}}],"collection":[{"href":"https:\/\/einsteresante.com\/index.php\/wp-json\/wp\/v2\/posts"}],"about":[{"href":"https:\/\/einsteresante.com\/index.php\/wp-json\/wp\/v2\/types\/post"}],"author":[{"embeddable":true,"href":"https:\/\/einsteresante.com\/index.php\/wp-json\/wp\/v2\/users\/1"}],"replies":[{"embeddable":true,"href":"https:\/\/einsteresante.com\/index.php\/wp-json\/wp\/v2\/comments?post=4696"}],"version-history":[{"count":4,"href":"https:\/\/einsteresante.com\/index.php\/wp-json\/wp\/v2\/posts\/4696\/revisions"}],"predecessor-version":[{"id":4700,"href":"https:\/\/einsteresante.com\/index.php\/wp-json\/wp\/v2\/posts\/4696\/revisions\/4700"}],"wp:attachment":[{"href":"https:\/\/einsteresante.com\/index.php\/wp-json\/wp\/v2\/media?parent=4696"}],"wp:term":[{"taxonomy":"category","embeddable":true,"href":"https:\/\/einsteresante.com\/index.php\/wp-json\/wp\/v2\/categories?post=4696"},{"taxonomy":"post_tag","embeddable":true,"href":"https:\/\/einsteresante.com\/index.php\/wp-json\/wp\/v2\/tags?post=4696"}],"curies":[{"name":"wp","href":"https:\/\/api.w.org\/{rel}","templated":true}]}}