{"id":47948,"date":"2024-01-14T13:50:17","date_gmt":"2024-01-14T18:50:17","guid":{"rendered":"https:\/\/einsteresante.com\/?p=47948"},"modified":"2024-01-14T13:50:18","modified_gmt":"2024-01-14T18:50:18","slug":"investigadores-secuencian-el-primer-genoma-del-mixini-el-unico-vertebrado-sin-genoma-de-referencia","status":"publish","type":"post","link":"https:\/\/einsteresante.com\/index.php\/2024\/01\/14\/investigadores-secuencian-el-primer-genoma-del-mixini-el-unico-vertebrado-sin-genoma-de-referencia\/","title":{"rendered":"Investigadores secuencian el primer genoma del mixini, el \u00fanico vertebrado sin genoma de referencia"},"content":{"rendered":"\n<p>Un equipo cient\u00edfico internacional formado por m\u00e1s de 40 autores de siete pa\u00edses diferentes, liderado por el investigador de la Universidad de M\u00e1laga Juan Pascual Anaya, ha conseguido secuenciar el primer genoma de los mixini, tambi\u00e9n conocidos como mixinos, el \u00fanico gran grupo de vertebrados para del que a\u00fan no existe genoma de referencia de ninguna de sus especies. Este hallazgo, publicado en la revista Nature Ecology &amp; Evolution, ha permitido descifrar la historia evolutiva de las duplicaciones gen\u00f3micas que se produjeron en los ancestros de los vertebrados, grupo al que pertenece el ser humano.<\/p>\n\n\n\n<p>&#8220;Este estudio tiene implicaciones importantes en el campo evolutivo y molecular, ya que nos ayuda a comprender los cambios en el genoma que acompa\u00f1aron el origen de los vertebrados y sus estructuras m\u00e1s singulares, como el complejo cerebro, la mand\u00edbula y las extremidades&#8221;, explica el Cient\u00edfico del Departamento de Biolog\u00eda Animal de la UMA Pascual Anaya, que ha coordinado la investigaci\u00f3n.<\/p>\n\n\n\n<p>As\u00ed, este estudio, que dur\u00f3 casi una d\u00e9cada, fue realizado por un consorcio internacional que incluye a m\u00e1s de 30 instituciones de Espa\u00f1a, Reino Unido, Jap\u00f3n, China, Italia, Noruega y Estados Unidos, entre ellas la Universidad de Tokio, Jap\u00f3n. el instituto de investigaci\u00f3n RIKEN, la Academia China de Ciencias y el Centro de Regulaci\u00f3n Gen\u00f3mica de Barcelona, entre otros.<\/p>\n\n\n\n<p><strong>V\u00ednculo ecol\u00f3gico<br><\/strong>Los mixini son un grupo de animales que habitan en zonas oce\u00e1nicas profundas. Conocidos por la cantidad de mucosa que liberan cuando se sienten amenazados, foco de investigaci\u00f3n de las empresas de cosm\u00e9tica, y tambi\u00e9n por su papel como eslab\u00f3n ecol\u00f3gico en el fondo marino (ya que son carro\u00f1eros y se encargan de eliminar, entre otras cosas, los cad\u00e1veres de ballenas que acaban en el fondo del mar tras morir), hasta ahora no se hab\u00eda secuenciado su genoma debido a su complejidad.<\/p>\n\n\n\n<p>Est\u00e1n compuestos por una gran cantidad de microcromosomas, que a su vez est\u00e1n compuestos por secuencias repetitivas. A esto se suma la dificultad de acceder al material biol\u00f3gico.<\/p>\n\n\n\n<p>&#8220;Adem\u00e1s, estos microcromosomas se van perdiendo durante el desarrollo del animal, por lo que s\u00f3lo los \u00f3rganos genitales mantienen un genoma completo&#8221;, afirma Juan Pascual Anaya.<\/p>\n\n\n\n<figure class=\"wp-block-image size-full\"><img decoding=\"async\" src=\"https:\/\/einsteresante.com\/wp-content\/uploads\/2024\/01\/image-44.png\" alt=\"\" class=\"wp-image-47957\"\/><figcaption class=\"wp-element-caption\">Cr\u00e9dito: Universidad de M\u00e1laga.<\/figcaption><\/figure>\n\n\n\n<p><strong>Duplicaciones del genoma<br><\/strong>Para este estudio, el genoma secuenciado fue el del <em>Eptatretus burgeri<\/em>, que vive en el Pac\u00edfico, en las costas del este de Asia. Para lograrlo, los investigadores generaron datos de hasta 400 veces el tama\u00f1o de su genoma, utilizando t\u00e9cnicas avanzadas de proximidad cromos\u00f3mica (Hi-C) y logrando ensamblarlos a nivel cromos\u00f3mico.<\/p>\n\n\n\n<p>&#8220;Esto es importante porque nos permiti\u00f3 comparar, por ejemplo, el orden de los genes entre \u00e9ste y el resto de vertebrados, incluidos tiburones y humanos, y resolver as\u00ed uno de los debates abiertos m\u00e1s importantes en la evoluci\u00f3n gen\u00f3mica: el n\u00famero de duplicaciones del genoma. &#8220;Y cu\u00e1ndo se produjeron durante el origen de los distintos linajes de vertebrados&#8221;, afirma el cient\u00edfico de la UMA, quien a\u00f1ade que gracias a ello ahora sabemos que el ancestro com\u00fan de todos los vertebrados deriv\u00f3 de una especie cuyo genoma estuvo una vez completamente duplicado.<\/p>\n\n\n\n<p>Posteriormente, seg\u00fan Pascual Anaya, los linajes que dieron origen a los vertebrados mandibulares y no mandibulares modernos se separaron, y cada uno de ellos volvi\u00f3 a multiplicar su genoma de forma independiente: mientras el primero, que incluye al humano, lo duplic\u00f3, el segundo lo triplic\u00f3.<\/p>\n\n\n\n<figure class=\"wp-block-image size-full\"><img decoding=\"async\" src=\"https:\/\/einsteresante.com\/wp-content\/uploads\/2024\/01\/image-43.png\" alt=\"\" class=\"wp-image-47955\"\/><figcaption class=\"wp-element-caption\">Cr\u00e9dito: Universidad de M\u00e1laga.<\/figcaption><\/figure>\n\n\n\n<p><strong>Impacto evolutivo<br><\/strong>Un an\u00e1lisis de la funcionalidad de los genomas, basado en muestras extremadamente raras de embriones myxini, realizado en el laboratorio del profesor Shigeru Kuratani de RIKEN; y un estudio sobre el posible impacto de las duplicaciones del genoma en cada vertebrado, desarrollado junto al profesor de la Universidad de Bristol y miembro de la Royal Society Phil Donoghue, completan esta investigaci\u00f3n multidisciplinar clave para comprender la historia evolutiva de los vertebrados.<\/p>\n\n\n\n<p>El estudio ofrece perspectivas sobre los eventos gen\u00f3micos que probablemente impulsaron la aparici\u00f3n de caracter\u00edsticas importantes de los vertebrados, como la estructura cerebral, los \u00f3rganos sensoriales o las c\u00e9lulas de la cresta neural, y entre ellos, un aumento de la complejidad regulatoria (un mayor n\u00famero de interruptores que activan genes\/apagado).<\/p>\n\n\n\n<p>Fuente: <a href=\"https:\/\/phys.org\/news\/2024-01-sequence-genome-myxini-vertebrate-lineage.html\">Phys.org<\/a>.<br>\u200b<\/p>\n","protected":false},"excerpt":{"rendered":"<p>Un equipo cient\u00edfico internacional formado por m\u00e1s de 40 autores de siete pa\u00edses diferentes, liderado por el investigador de la Universidad de M\u00e1laga Juan Pascual Anaya, ha conseguido secuenciar el primer genoma de los mixini, tambi\u00e9n conocidos como mixinos, el \u00fanico gran grupo de vertebrados para del que a\u00fan no existe genoma de referencia de [&hellip;]<\/p>\n","protected":false},"author":1,"featured_media":0,"comment_status":"open","ping_status":"open","sticky":false,"template":"","format":"standard","meta":{"footnotes":""},"categories":[9],"tags":[],"class_list":["post-47948","post","type-post","status-publish","format-standard","hentry","category-biologia"],"_links":{"self":[{"href":"https:\/\/einsteresante.com\/index.php\/wp-json\/wp\/v2\/posts\/47948","targetHints":{"allow":["GET"]}}],"collection":[{"href":"https:\/\/einsteresante.com\/index.php\/wp-json\/wp\/v2\/posts"}],"about":[{"href":"https:\/\/einsteresante.com\/index.php\/wp-json\/wp\/v2\/types\/post"}],"author":[{"embeddable":true,"href":"https:\/\/einsteresante.com\/index.php\/wp-json\/wp\/v2\/users\/1"}],"replies":[{"embeddable":true,"href":"https:\/\/einsteresante.com\/index.php\/wp-json\/wp\/v2\/comments?post=47948"}],"version-history":[{"count":8,"href":"https:\/\/einsteresante.com\/index.php\/wp-json\/wp\/v2\/posts\/47948\/revisions"}],"predecessor-version":[{"id":47958,"href":"https:\/\/einsteresante.com\/index.php\/wp-json\/wp\/v2\/posts\/47948\/revisions\/47958"}],"wp:attachment":[{"href":"https:\/\/einsteresante.com\/index.php\/wp-json\/wp\/v2\/media?parent=47948"}],"wp:term":[{"taxonomy":"category","embeddable":true,"href":"https:\/\/einsteresante.com\/index.php\/wp-json\/wp\/v2\/categories?post=47948"},{"taxonomy":"post_tag","embeddable":true,"href":"https:\/\/einsteresante.com\/index.php\/wp-json\/wp\/v2\/tags?post=47948"}],"curies":[{"name":"wp","href":"https:\/\/api.w.org\/{rel}","templated":true}]}}