{"id":54049,"date":"2024-05-14T19:36:28","date_gmt":"2024-05-15T00:36:28","guid":{"rendered":"https:\/\/einsteresante.com\/?p=54049"},"modified":"2024-05-14T19:36:29","modified_gmt":"2024-05-15T00:36:29","slug":"el-verano-del-2023-fue-el-mas-calido-en-2-000-anos","status":"publish","type":"post","link":"https:\/\/einsteresante.com\/index.php\/2024\/05\/14\/el-verano-del-2023-fue-el-mas-calido-en-2-000-anos\/","title":{"rendered":"El verano del 2023 fue el m\u00e1s c\u00e1lido en 2.000 a\u00f1os"},"content":{"rendered":"\n<p>El verano del 2023 bati\u00f3 r\u00e9cords en muchas partes del mundo. Este calor incomparable no es s\u00f3lo una anomal\u00eda fugaz, es una tendencia constante que indica los graves impactos del cambio clim\u00e1tico impulsado por las actividades humanas.<\/p>\n\n\n\n<p>Un nuevo estudio publicado por los investigadores Jan Esper, Max Torbenson y Ulf B\u00fcntgen pone meticulosamente este verano en contexto. Utilizando una combinaci\u00f3n de datos de observaci\u00f3n y indicadores clim\u00e1ticos, muestran que el calor del verano no ten\u00eda precedentes en al menos 2.000 a\u00f1os. En el hemisferio norte, las temperaturas registradas ya superaban en m\u00e1s de 2\u00b0C la media preindustrial.<\/p>\n\n\n\n<p>Es de esperar que ahora todos sepamos que las temperaturas globales est\u00e1n aumentando como resultado de los gases de efecto invernadero producidos por el hombre. Este aumento no es lineal. Todav\u00eda puede haber algunos d\u00edas fr\u00edos o incluso a\u00f1os fr\u00edos, pero en general, la tendencia es clara: hace cada vez m\u00e1s calor.<\/p>\n\n\n\n<p>Naturalmente, a medida que las temperaturas contin\u00faan subiendo, tambi\u00e9n aumentan las probabilidades de que se produzcan fen\u00f3menos meteorol\u00f3gicos incre\u00edblemente calurosos. Esto fue evidente en 2023. El a\u00f1o pasado fue el m\u00e1s caluroso de la historia registrada, y por un amplio margen. Rompi\u00f3 r\u00e9cords\u2026 y luego los volvi\u00f3 a romper. El nuevo estudio contin\u00faa demostrando que durante miles de a\u00f1os, nuestro planeta no ha estado tan caliente.<\/p>\n\n\n\n<p>&#8220;Estamos situando la temperatura extrema de 2023 en un contexto a largo plazo, es decir, los \u00faltimos 2.000 a\u00f1os&#8221;, dijo Esper en una sesi\u00f3n informativa para el peri\u00f3dico. &#8220;Si se quiere hacer eso, se necesitan reconstrucciones anuales de temperatura resueltas, y el \u00fanico indicador que puede proporcionarlas son los anillos de los \u00e1rboles&#8221;.<\/p>\n\n\n\n<p><strong>Un problema creciente<br><\/strong>Los anillos de los \u00e1rboles son herramientas valiosas para estudiar el clima pasado. Cada anillo representa un a\u00f1o de crecimiento, y el ancho y la densidad de los anillos var\u00edan seg\u00fan las condiciones ambientales como la temperatura y la precipitaci\u00f3n. Durante las temporadas de crecimiento favorables, los \u00e1rboles producen anillos m\u00e1s anchos, mientras que durante los per\u00edodos estresantes se forman anillos m\u00e1s estrechos. Al examinar estos patrones, los cient\u00edficos pueden reconstruir las condiciones clim\u00e1ticas hist\u00f3ricas, ampliando nuestra comprensi\u00f3n de la variabilidad clim\u00e1tica a lo largo de cientos o miles de a\u00f1os. Esto permite a los investigadores obtener un registro continuo y de alta resoluci\u00f3n de los cambios clim\u00e1ticos pasados incluso antes de que existieran los registros.<\/p>\n\n\n\n<p>En este estudio, Esper y sus colegas combinaron cientos de estas mediciones de nueve regiones. Descubrieron que el verano m\u00e1s fr\u00edo fue el a\u00f1o 536, durante un per\u00edodo de actividad volc\u00e1nica que cubri\u00f3 la Tierra con una capa de polvo y reflej\u00f3 gran parte del calor. El verano preindustrial m\u00e1s c\u00e1lido ocurri\u00f3 durante el per\u00edodo c\u00e1lido tardorromano. Esta fue una fase de condiciones clim\u00e1ticas relativamente c\u00e1lidas en Europa y la regi\u00f3n del Atl\u00e1ntico Norte, que ocurri\u00f3 aproximadamente entre el 250 y el 400 d.C.<\/p>\n\n\n\n<p>Pero el verano de 2023 super\u00f3 eso. Lo super\u00f3 en m\u00e1s de 0,5\u00b0C y fue 3,93\u00b0C m\u00e1s caluroso que el verano m\u00e1s fr\u00edo. Los investigadores tambi\u00e9n calcularon la temperatura media del verano en el hemisferio norte en la \u00e9poca preindustrial. Descubrieron que el verano de 2023 fue 2,07 \u00b0C m\u00e1s caluroso que los promedios instrumentales entre 1850 y 1900 d.C.<\/p>\n\n\n\n<p>Esta es la primera reconstrucci\u00f3n que utiliza anillos de \u00e1rboles que se remontan a 2.000 a\u00f1os atr\u00e1s, afirma Esper. Los dem\u00e1s son un poco m\u00e1s cortos o utilizan diferentes tipos de proxies. El estudio tambi\u00e9n es notable porque destaca los cambios anuales, lo que significa que los indicadores est\u00e1n fechados con precisi\u00f3n.<\/p>\n\n\n\n<p><strong>Desaf\u00edos en la medici\u00f3n del calor<br><\/strong>Los indicadores de temperatura s\u00f3lo cubren masas de tierra, dijo Torbenson en la misma sesi\u00f3n informativa. Es mucho m\u00e1s dif\u00edcil evaluar c\u00f3mo eran las temperaturas en los oc\u00e9anos en la \u00e9poca anterior a la instrumentaci\u00f3n, y tambi\u00e9n es dif\u00edcil evaluar las temperaturas en el hemisferio sur, cuando hay menos indicadores.<\/p>\n\n\n\n<p>Hay una reconstrucci\u00f3n de la temperatura de los \u00faltimos 2.000 a\u00f1os realizada por el Panel Intergubernamental sobre Cambio Clim\u00e1tico, el organismo de la ONU que eval\u00faa la investigaci\u00f3n cient\u00edfica sobre el cambio clim\u00e1tico, pero esa investigaci\u00f3n utiliza indicadores mucho m\u00e1s variados, algunos de los cuales no est\u00e1n fechados con precisi\u00f3n. Por lo tanto, es posible que veas una indicaci\u00f3n de temperatura, pero no est\u00e9s seguro de de qu\u00e9 a\u00f1o es exactamente. Tambi\u00e9n en los tr\u00f3picos, donde no hay invierno, los anillos de los \u00e1rboles son mucho m\u00e1s dif\u00edciles de analizar.<\/p>\n\n\n\n<p>Los autores reconocen que el calentamiento observado en este estudio no es directamente aplicable a las condiciones globales. No obstante, enfatizan que sus hallazgos resaltan la naturaleza excepcional de las tendencias actuales de calentamiento y subrayan la necesidad cr\u00edtica de medidas inmediatas para reducir las emisiones de carbono.<\/p>\n\n\n\n<p>Sin embargo, a pesar de estas peque\u00f1as incertidumbres, una cosa est\u00e1 clara: 2023 fue el a\u00f1o m\u00e1s caluroso registrado, con el verano m\u00e1s caluroso registrado, durante al menos 2.000 a\u00f1os (y probablemente mucho m\u00e1s).<\/p>\n\n\n\n<p><strong>Afrontar el problema clim\u00e1tico<br><\/strong>Este calor sin precedentes tiene implicaciones de largo alcance para nuestra comprensi\u00f3n del cambio clim\u00e1tico y la urgencia de abordarlo. Estos hallazgos refuerzan la necesidad de realizar esfuerzos inmediatos y sostenidos para reducir las emisiones de carbono y mitigar los impactos del calentamiento global. La desviaci\u00f3n del verano de 2023 con respecto a la variabilidad clim\u00e1tica natural es un recordatorio claro y severo de que la temperatura de nuestro planeta est\u00e1 entrando en territorio inexplorado.<\/p>\n\n\n\n<p>Abordar el cambio clim\u00e1tico es uno de los mayores desaf\u00edos de nuestra sociedad, si no el mayor. Requiere un esfuerzo concertado tanto de la sociedad como de los individuos. A nivel social, los gobiernos y las organizaciones deben implementar pol\u00edticas para reducir las emisiones de gases de efecto invernadero, hacer la transici\u00f3n a fuentes de energ\u00eda renovables e invertir en infraestructura sostenible. Mientras tanto, a nivel individual, todos podemos generar un impacto adoptando estilos de vida sostenibles: reduciendo el consumo de energ\u00eda, utilizando el transporte p\u00fablico, reciclando y apoyando productos y empresas ambientalmente responsables. La educaci\u00f3n y la concientizaci\u00f3n tambi\u00e9n son cruciales, ya que es m\u00e1s probable que los ciudadanos informados aboguen por la acci\u00f3n clim\u00e1tica y participen en ella.<\/p>\n\n\n\n<p>El estudio fue publicado en Nature.<\/p>\n\n\n\n<p>Fuente: <a href=\"https:\/\/www.zmescience.com\/science\/news-science\/the-summer-of-2023-was-the-warmest-in-2000-years\/\">ZME Science<\/a>.<\/p>\n","protected":false},"excerpt":{"rendered":"<p>El verano del 2023 bati\u00f3 r\u00e9cords en muchas partes del mundo. Este calor incomparable no es s\u00f3lo una anomal\u00eda fugaz, es una tendencia constante que indica los graves impactos del cambio clim\u00e1tico impulsado por las actividades humanas. Un nuevo estudio publicado por los investigadores Jan Esper, Max Torbenson y Ulf B\u00fcntgen pone meticulosamente este verano [&hellip;]<\/p>\n","protected":false},"author":1,"featured_media":0,"comment_status":"open","ping_status":"open","sticky":false,"template":"","format":"standard","meta":{"footnotes":""},"categories":[10],"tags":[],"class_list":["post-54049","post","type-post","status-publish","format-standard","hentry","category-medio-ambiente"],"_links":{"self":[{"href":"https:\/\/einsteresante.com\/index.php\/wp-json\/wp\/v2\/posts\/54049","targetHints":{"allow":["GET"]}}],"collection":[{"href":"https:\/\/einsteresante.com\/index.php\/wp-json\/wp\/v2\/posts"}],"about":[{"href":"https:\/\/einsteresante.com\/index.php\/wp-json\/wp\/v2\/types\/post"}],"author":[{"embeddable":true,"href":"https:\/\/einsteresante.com\/index.php\/wp-json\/wp\/v2\/users\/1"}],"replies":[{"embeddable":true,"href":"https:\/\/einsteresante.com\/index.php\/wp-json\/wp\/v2\/comments?post=54049"}],"version-history":[{"count":10,"href":"https:\/\/einsteresante.com\/index.php\/wp-json\/wp\/v2\/posts\/54049\/revisions"}],"predecessor-version":[{"id":54059,"href":"https:\/\/einsteresante.com\/index.php\/wp-json\/wp\/v2\/posts\/54049\/revisions\/54059"}],"wp:attachment":[{"href":"https:\/\/einsteresante.com\/index.php\/wp-json\/wp\/v2\/media?parent=54049"}],"wp:term":[{"taxonomy":"category","embeddable":true,"href":"https:\/\/einsteresante.com\/index.php\/wp-json\/wp\/v2\/categories?post=54049"},{"taxonomy":"post_tag","embeddable":true,"href":"https:\/\/einsteresante.com\/index.php\/wp-json\/wp\/v2\/tags?post=54049"}],"curies":[{"name":"wp","href":"https:\/\/api.w.org\/{rel}","templated":true}]}}