{"id":5773,"date":"2021-04-09T15:54:16","date_gmt":"2021-04-09T20:54:16","guid":{"rendered":"http:\/\/einsteresante.com\/?p=5773"},"modified":"2021-04-09T15:54:18","modified_gmt":"2021-04-09T20:54:18","slug":"pfizer-le-pide-autorizacion-a-la-fda-para-vacunas-covid-a-ninos-de-12-a-15-anos","status":"publish","type":"post","link":"https:\/\/einsteresante.com\/index.php\/2021\/04\/09\/pfizer-le-pide-autorizacion-a-la-fda-para-vacunas-covid-a-ninos-de-12-a-15-anos\/","title":{"rendered":"Pfizer le pide autorizaci\u00f3n a la FDA para vacunas COVID a ni\u00f1os de 12 a 15 a\u00f1os"},"content":{"rendered":"\n<p>Pfizer ha solicitado a la Administraci\u00f3n de Drogas y Alimentos de los Estados Unidos (FDA) que ampl\u00ede la autorizaci\u00f3n de uso de emergencia de su vacuna COVID-19 para incluir a ni\u00f1os de 12 a 15 a\u00f1os.<\/p>\n\n\n\n<p>En un anuncio el viernes 9 de abril, la compa\u00f1\u00eda dijo que su solicitud de autorizaci\u00f3n ampliada se basa en datos de su ensayo de fase 3 en adolescentes, que encontr\u00f3 que la vacuna era 100% efectiva en este grupo de edad.<\/p>\n\n\n\n<p>&#8220;A la espera de la decisi\u00f3n regulatoria, nuestra esperanza es que esta vacuna est\u00e9 disponible para el grupo de edad de 12 a 15 a\u00f1os antes del inicio del a\u00f1o escolar 2021&#8221;, dijo la compa\u00f1\u00eda en una publicaci\u00f3n en Twitter.<\/p>\n\n\n\n<p>Actualmente, la vacuna est\u00e1 autorizada para uso de emergencia en personas de 16 a\u00f1os o m\u00e1s, y la solicitud de Pfizer solicit\u00f3 a la FDA que enmendara esta autorizaci\u00f3n para permitir la vacuna en adolescentes. La compa\u00f1\u00eda dijo que planea realizar solicitudes similares a las autoridades reguladoras de todo el mundo en los pr\u00f3ximos d\u00edas.<\/p>\n\n\n\n<p>Fuente: <a href=\"https:\/\/www.livescience.com\/pfizer-covid-19-vaccine-request-authorization-adolescents.html\">Live Science<\/a>.<\/p>\n","protected":false},"excerpt":{"rendered":"<p>Pfizer ha solicitado a la Administraci\u00f3n de Drogas y Alimentos de los Estados Unidos (FDA) que ampl\u00ede la autorizaci\u00f3n de uso de emergencia de su vacuna COVID-19 para incluir a ni\u00f1os de 12 a 15 a\u00f1os. En un anuncio el viernes 9 de abril, la compa\u00f1\u00eda dijo que su solicitud de autorizaci\u00f3n ampliada se basa [&hellip;]<\/p>\n","protected":false},"author":1,"featured_media":0,"comment_status":"open","ping_status":"open","sticky":false,"template":"","format":"standard","meta":{"footnotes":""},"categories":[7],"tags":[],"class_list":["post-5773","post","type-post","status-publish","format-standard","hentry","category-salud-y-medicina"],"_links":{"self":[{"href":"https:\/\/einsteresante.com\/index.php\/wp-json\/wp\/v2\/posts\/5773","targetHints":{"allow":["GET"]}}],"collection":[{"href":"https:\/\/einsteresante.com\/index.php\/wp-json\/wp\/v2\/posts"}],"about":[{"href":"https:\/\/einsteresante.com\/index.php\/wp-json\/wp\/v2\/types\/post"}],"author":[{"embeddable":true,"href":"https:\/\/einsteresante.com\/index.php\/wp-json\/wp\/v2\/users\/1"}],"replies":[{"embeddable":true,"href":"https:\/\/einsteresante.com\/index.php\/wp-json\/wp\/v2\/comments?post=5773"}],"version-history":[{"count":4,"href":"https:\/\/einsteresante.com\/index.php\/wp-json\/wp\/v2\/posts\/5773\/revisions"}],"predecessor-version":[{"id":5777,"href":"https:\/\/einsteresante.com\/index.php\/wp-json\/wp\/v2\/posts\/5773\/revisions\/5777"}],"wp:attachment":[{"href":"https:\/\/einsteresante.com\/index.php\/wp-json\/wp\/v2\/media?parent=5773"}],"wp:term":[{"taxonomy":"category","embeddable":true,"href":"https:\/\/einsteresante.com\/index.php\/wp-json\/wp\/v2\/categories?post=5773"},{"taxonomy":"post_tag","embeddable":true,"href":"https:\/\/einsteresante.com\/index.php\/wp-json\/wp\/v2\/tags?post=5773"}],"curies":[{"name":"wp","href":"https:\/\/api.w.org\/{rel}","templated":true}]}}