{"id":63034,"date":"2024-10-31T15:53:11","date_gmt":"2024-10-31T20:53:11","guid":{"rendered":"https:\/\/einsteresante.com\/?p=63034"},"modified":"2024-10-31T15:53:12","modified_gmt":"2024-10-31T20:53:12","slug":"que-es-la-dana-el-fenomeno-climatico-que-esta-causando-inundaciones-mortales-en-espana","status":"publish","type":"post","link":"https:\/\/einsteresante.com\/index.php\/2024\/10\/31\/que-es-la-dana-el-fenomeno-climatico-que-esta-causando-inundaciones-mortales-en-espana\/","title":{"rendered":"\u00bfQu\u00e9 es la DANA, el fen\u00f3meno clim\u00e1tico que est\u00e1 causando inundaciones mortales en Espa\u00f1a?"},"content":{"rendered":"\n<p>Un extra\u00f1o fen\u00f3meno meteorol\u00f3gico conocido como DANA ha provocado inundaciones repentinas y catastr\u00f3ficas en Valencia, Espa\u00f1a, esta semana. M\u00e1s de 155 personas han muerto y decenas siguen desaparecidas en lo que los meteor\u00f3logos llaman uno de los peores desastres naturales de los \u00faltimos tiempos.<\/p>\n\n\n\n<p>El martes 29 de octubre, algunas zonas recibieron el equivalente a un a\u00f1o de lluvia en tan s\u00f3lo unas horas, lo que desencaden\u00f3 inundaciones masivas que devastaron pueblos enteros y dejaron a miles de personas varadas. En algunas zonas, las precipitaciones alcanzaron hasta 500 litros por metro cuadrado.<\/p>\n\n\n\n<p>La causa de este desastroso clima es un fen\u00f3meno que se forma en el Mediterr\u00e1neo llamado Depresi\u00f3n Aislada en Niveles Altos (DANA). Fue la DANA m\u00e1s grave registrada en el siglo XXI, comparable a la catastr\u00f3fica &#8220;Pantanada de Tous&#8221; de 1982, seg\u00fan la Agencia Estatal de Meteorolog\u00eda de Espa\u00f1a (Aemet).<\/p>\n\n\n\n<p><strong>\u00bfQu\u00e9 es una DANA?<br><\/strong>Las DANA son versiones intensificadas de lo que se conoce como \u201cgota fr\u00eda\u201d, que se produce cuando una masa de aire c\u00e1lido choca con una masa de aire fr\u00edo estancado a una altitud de unos 9.000 metros. En la atm\u00f3sfera superior hay una corriente de viento muy fuerte que rodea la Tierra como un cintur\u00f3n. A veces, esta corriente comienza a oscilar, pareciendo m\u00e1s una serpiente que un cintur\u00f3n. Cuando esto sucede, la oscilaci\u00f3n puede \u201catascarse\u201d, permitiendo que la masa de aire fr\u00edo se quede en un lugar. En esta ocasi\u00f3n, ocurri\u00f3 sobre el sureste de Espa\u00f1a.<\/p>\n\n\n\n<p>Una DANA se produce cuando este aire fr\u00edo se encuentra con aire muy c\u00e1lido cerca de la superficie, especialmente sobre las aguas c\u00e1lidas del Mediterr\u00e1neo. Esta combinaci\u00f3n crea una diferencia de temperatura significativa entre las diferentes capas de la atm\u00f3sfera, lo que a su vez hace que el aire c\u00e1lido ascienda f\u00e1cilmente y se sature de vapor de agua. Si a este contraste de temperaturas se suma la humedad y la energ\u00eda del Mediterr\u00e1neo, que es muy c\u00e1lido despu\u00e9s de los meses de verano, el resultado son fuertes tormentas y lluvias torrenciales.<\/p>\n\n\n\n<p>&#8220;Los vientos pueden no ser tan violentos como los de un hurac\u00e1n, pero en t\u00e9rminos de precipitaciones e intensidad, incluso pueden superarlos. Estos eventos pueden causar da\u00f1os materiales y p\u00e9rdidas de vidas tan importantes como los de un hurac\u00e1n promedio&#8221;, dijo a Live Science Jorge Olcina, director del Laboratorio de Climatolog\u00eda de la Universidad de Alicante.<\/p>\n\n\n\n<figure class=\"wp-block-image size-full\"><img decoding=\"async\" src=\"https:\/\/einsteresante.com\/wp-content\/uploads\/2024\/10\/image-91.png\" alt=\"\" class=\"wp-image-63042\"\/><figcaption class=\"wp-element-caption\">La tormenta dej\u00f3 caer en cuesti\u00f3n de horas el equivalente a un a\u00f1o de lluvia, lo que provoc\u00f3 graves da\u00f1os materiales y la muerte de m\u00e1s de 155 personas. Cr\u00e9dito de la imagen: Anadolu v\u00eda Getty Images.<\/figcaption><\/figure>\n\n\n\n<p>Iago P\u00e9rez, geocient\u00edfico de la Universidad de Oxford, describi\u00f3 las DANA como uno de los fen\u00f3menos meteorol\u00f3gicos m\u00e1s peligrosos en Espa\u00f1a, y se\u00f1al\u00f3 que &#8220;liberan enormes cantidades de agua en muy poco tiempo&#8221;.<\/p>\n\n\n\n<p>Las DANA se forman solo sobre Espa\u00f1a, pero patrones clim\u00e1ticos similares, llamados ciclones extratropicales, se forman en el Atl\u00e1ntico frente a Uruguay y Argentina, dijeron los investigadores. El 29 de octubre, la DANA se mantuvo sobre la misma \u00e1rea durante m\u00e1s de 12 horas, lo que lo convirti\u00f3 en el d\u00eda m\u00e1s intenso del evento meteorol\u00f3gico, que se espera que contin\u00fae con menor intensidad hasta el domingo 3 de noviembre. Las DANA utilizan agua c\u00e1lida como &#8220;combustible&#8221;, dijo a Live Science la meteor\u00f3loga Mar G\u00f3mez.<\/p>\n\n\n\n<p>La DANA se encontr\u00f3 con temperaturas del agua en torno a los 22\u00b0C en la costa de Valencia, cuando lo habitual para esta \u00e9poca del a\u00f1o ronda los 21\u00b0C. Esa diferencia puede parecer peque\u00f1a, pero es suficiente para dotar de energ\u00eda extra al sistema de tormentas, lo que puede &#8220;desencadenar una cascada de lluvias en un periodo muy corto&#8221;, afirma Olcina. &#8220;Estas lluvias se pueden caracterizar como monz\u00f3nicas&#8221;.<\/p>\n\n\n\n<p><strong>\u00bfQu\u00e9 tiene que ver el cambio clim\u00e1tico?<br><\/strong>G\u00f3mez y Olcina coinciden en que la severidad de la DANA de esta semana est\u00e1 directamente relacionada con el cambio clim\u00e1tico. P\u00e9rez, sin embargo, cree que atribuir el fen\u00f3meno al calentamiento global requiere un an\u00e1lisis m\u00e1s profundo.<\/p>\n\n\n\n<p>El mar Mediterr\u00e1neo es una de las cuencas marinas que m\u00e1s se ha calentado en las \u00faltimas d\u00e9cadas. Act\u00faa como &#8220;correa de transmisi\u00f3n de humedad y energ\u00eda&#8221;, explica Olcina. Desde los a\u00f1os 80, la temperatura media del Mediterr\u00e1neo ha aumentado 1,5\u00b0C, casi el doble del aumento de la temperatura del aire en la regi\u00f3n durante el mismo periodo. \u201cDesde 2020, los veranos en la pen\u00ednsula Ib\u00e9rica han registrado temperaturas r\u00e9cord y este a\u00f1o la temperatura superficial del mar ha superado los 29 \u00baC\u201d, afirma Olcina.<\/p>\n\n\n\n<p>Este calentamiento ha alterado el calendario de las DANA, ya que ahora el Mediterr\u00e1neo comienza a calentarse en mayo y mantiene ese calor hasta noviembre. En comparaci\u00f3n, durante las d\u00e9cadas de 1980 y 1990, este fen\u00f3meno se produc\u00eda generalmente en septiembre y octubre. En la actualidad, se estima que cada a\u00f1o se forman entre un 15% y un 20% m\u00e1s de DANA en comparaci\u00f3n con hace seis d\u00e9cadas. Para los investigadores, este episodio ofrece lecciones importantes, empezando por la necesidad de mejorar los protocolos de comunicaci\u00f3n de alerta temprana.<\/p>\n\n\n\n<p>\u201cCuando hay v\u00edctimas mortales, significa que algo ha ido mal. Hay que mejorar la comunicaci\u00f3n y la anticipaci\u00f3n de estos eventos\u201d, afirma G\u00f3mez.<\/p>\n\n\n\n<p>El cambio clim\u00e1tico probablemente provocar\u00e1 eventos de precipitaciones intensas y excepcionales m\u00e1s frecuentes. Esto subraya la necesidad urgente de adaptar los sistemas de prevenci\u00f3n y protecci\u00f3n y de reestructurar las \u00e1reas vulnerables para reducir los riesgos asociados a un clima cada vez m\u00e1s extremo, afirma Olcina.<\/p>\n\n\n\n<p>Fuente: <a href=\"https:\/\/www.livescience.com\/planet-earth\/weather\/what-is-dana-the-strange-weather-phenomenon-that-has-caused-deadly-flooding-in-spain\">Live Science<\/a>.<\/p>\n","protected":false},"excerpt":{"rendered":"<p>Un extra\u00f1o fen\u00f3meno meteorol\u00f3gico conocido como DANA ha provocado inundaciones repentinas y catastr\u00f3ficas en Valencia, Espa\u00f1a, esta semana. M\u00e1s de 155 personas han muerto y decenas siguen desaparecidas en lo que los meteor\u00f3logos llaman uno de los peores desastres naturales de los \u00faltimos tiempos. El martes 29 de octubre, algunas zonas recibieron el equivalente a [&hellip;]<\/p>\n","protected":false},"author":1,"featured_media":0,"comment_status":"open","ping_status":"open","sticky":false,"template":"","format":"standard","meta":{"footnotes":""},"categories":[11],"tags":[],"class_list":["post-63034","post","type-post","status-publish","format-standard","hentry","category-geologia"],"_links":{"self":[{"href":"https:\/\/einsteresante.com\/index.php\/wp-json\/wp\/v2\/posts\/63034","targetHints":{"allow":["GET"]}}],"collection":[{"href":"https:\/\/einsteresante.com\/index.php\/wp-json\/wp\/v2\/posts"}],"about":[{"href":"https:\/\/einsteresante.com\/index.php\/wp-json\/wp\/v2\/types\/post"}],"author":[{"embeddable":true,"href":"https:\/\/einsteresante.com\/index.php\/wp-json\/wp\/v2\/users\/1"}],"replies":[{"embeddable":true,"href":"https:\/\/einsteresante.com\/index.php\/wp-json\/wp\/v2\/comments?post=63034"}],"version-history":[{"count":8,"href":"https:\/\/einsteresante.com\/index.php\/wp-json\/wp\/v2\/posts\/63034\/revisions"}],"predecessor-version":[{"id":63043,"href":"https:\/\/einsteresante.com\/index.php\/wp-json\/wp\/v2\/posts\/63034\/revisions\/63043"}],"wp:attachment":[{"href":"https:\/\/einsteresante.com\/index.php\/wp-json\/wp\/v2\/media?parent=63034"}],"wp:term":[{"taxonomy":"category","embeddable":true,"href":"https:\/\/einsteresante.com\/index.php\/wp-json\/wp\/v2\/categories?post=63034"},{"taxonomy":"post_tag","embeddable":true,"href":"https:\/\/einsteresante.com\/index.php\/wp-json\/wp\/v2\/tags?post=63034"}],"curies":[{"name":"wp","href":"https:\/\/api.w.org\/{rel}","templated":true}]}}