{"id":69916,"date":"2025-03-13T15:31:05","date_gmt":"2025-03-13T20:31:05","guid":{"rendered":"https:\/\/einsteresante.com\/?p=69916"},"modified":"2025-03-13T15:31:05","modified_gmt":"2025-03-13T20:31:05","slug":"meta-prueba-las-notas-de-la-comunidad-para-reemplazar-a-los-verificadores-de-datos","status":"publish","type":"post","link":"https:\/\/einsteresante.com\/index.php\/2025\/03\/13\/meta-prueba-las-notas-de-la-comunidad-para-reemplazar-a-los-verificadores-de-datos\/","title":{"rendered":"Meta prueba las &#8220;notas de la comunidad&#8221; para reemplazar a los verificadores de datos"},"content":{"rendered":"\n<p>El gigante de las redes sociales Meta anunci\u00f3 el jueves que comenzar\u00e1 a probar su nueva funci\u00f3n &#8220;Notas de la comunidad&#8221; en todas sus plataformas el 18 de marzo, alej\u00e1ndose de la verificaci\u00f3n de datos por parte de terceros hacia un enfoque de colaboraci\u00f3n colectiva para la moderaci\u00f3n de contenido. El director ejecutivo de Meta, Mark Zuckerberg, anunci\u00f3 el nuevo sistema en enero, aparentemente aline\u00e1ndose con la administraci\u00f3n entrante de Trump, incluyendo el nombramiento de un republicano como jefe de\u00a0<a href=\"https:\/\/techxplore.com\/tags\/public+policy\/\">pol\u00edticas p\u00fablicas<\/a>\u00a0de la compa\u00f1\u00eda.<\/p>\n\n\n\n<p>El cambio de sistema se produjo despu\u00e9s de a\u00f1os de cr\u00edticas de partidarios del presidente estadounidense Donald Trump, entre otros, de que las voces conservadoras estaban siendo censuradas o silenciadas con el pretexto de combatir la desinformaci\u00f3n, una afirmaci\u00f3n que los verificadores profesionales de datos rechazan vehementemente. Meta tambi\u00e9n ha reducido sus\u00a0<a href=\"https:\/\/techxplore.com\/tags\/diversity+initiatives\/\">iniciativas de diversidad<\/a>\u00a0y ha relajado las reglas de moderaci\u00f3n de contenido en Facebook e Instagram, particularmente con respecto a ciertas formas de discurso hostil. La AFP trabaja actualmente en 26 idiomas con el sistema de verificaci\u00f3n de datos de Facebook.<\/p>\n\n\n\n<p>La iniciativa, similar al sistema ya implementado por X (antes Twitter), permitir\u00e1 a los usuarios de Facebook, Instagram y Threads escribir y calificar notas contextuales sobre diversos contenidos. Meta dijo que aproximadamente 200.000 contribuyentes potenciales en los Estados Unidos ya se han registrado en las tres plataformas. El nuevo enfoque requiere que los contribuyentes sean mayores de 18 a\u00f1os y tengan cuentas con m\u00e1s de seis meses de antig\u00fcedad y al d\u00eda. Durante el per\u00edodo de prueba, las notas no aparecer\u00e1n inmediatamente en el contenido y la empresa admitir\u00e1 gradualmente a personas de la lista de espera y probar\u00e1 exhaustivamente el sistema antes de la implementaci\u00f3n p\u00fablica.<\/p>\n\n\n\n<p><\/p>\n\n\n\n<p>Meta enfatiz\u00f3 que las notas s\u00f3lo se publicar\u00e1n cuando los colaboradores con diferentes puntos de vista est\u00e9n de acuerdo sobre su utilidad.<\/p>\n\n\n\n<p>&#8220;Esta no es una regla mayoritaria&#8221;, afirm\u00f3 la compa\u00f1\u00eda.<\/p>\n\n\n\n<p>Adem\u00e1s, a diferencia de las publicaciones verificadas, que a menudo tuvieron una distribuci\u00f3n reducida, el contenido marcado con Notas de la comunidad no enfrentar\u00e1 sanciones de distribuci\u00f3n. Las notas estar\u00e1n limitadas a 500 caracteres, deber\u00e1n incluir enlaces de apoyo e inicialmente admitir\u00e1n seis idiomas com\u00fanmente utilizados en los Estados Unidos: ingl\u00e9s, espa\u00f1ol, chino, vietnamita, franc\u00e9s y portugu\u00e9s.<\/p>\n\n\n\n<p>&#8220;Nuestra intenci\u00f3n es, en \u00faltima instancia, implementar este nuevo enfoque para nuestros usuarios en todo el mundo, pero no lo haremos de inmediato&#8221;, dijo la compa\u00f1\u00eda.<\/p>\n\n\n\n<p>&#8220;Hasta que las notas de la comunidad se lancen en otros pa\u00edses, el programa de verificaci\u00f3n de datos de terceros seguir\u00e1 vigente para ellos&#8221;, a\u00f1adi\u00f3.<\/p>\n\n\n\n<p>Meta dijo que no &#8220;reinventar\u00eda la rueda&#8221; y que utilizar\u00e1 el algoritmo de c\u00f3digo abierto de X como base de su sistema.<\/p>\n\n\n\n<p>El Secretario General de la ONU, Antonio Guterres, advirti\u00f3 el mes pasado que los retrocesos en las garant\u00edas de verificaci\u00f3n de datos y moderaci\u00f3n estaban &#8220;reabriendo las compuertas&#8221; del odio y la violencia en l\u00ednea.<\/p>\n\n\n\n<p>Fuente: <a href=\"https:\/\/techxplore.com\/news\/2025-03-meta-community-fact-checkers.html\">Tech Xplore<\/a>.<\/p>\n","protected":false},"excerpt":{"rendered":"<p>El gigante de las redes sociales Meta anunci\u00f3 el jueves que comenzar\u00e1 a probar su nueva funci\u00f3n &#8220;Notas de la comunidad&#8221; en todas sus plataformas el 18 de marzo, alej\u00e1ndose de la verificaci\u00f3n de datos por parte de terceros hacia un enfoque de colaboraci\u00f3n colectiva para la moderaci\u00f3n de contenido. El director ejecutivo de Meta, [&hellip;]<\/p>\n","protected":false},"author":1,"featured_media":69927,"comment_status":"open","ping_status":"open","sticky":false,"template":"","format":"standard","meta":{"footnotes":""},"categories":[14],"tags":[],"class_list":["post-69916","post","type-post","status-publish","format-standard","has-post-thumbnail","hentry","category-tecnologia"],"_links":{"self":[{"href":"https:\/\/einsteresante.com\/index.php\/wp-json\/wp\/v2\/posts\/69916","targetHints":{"allow":["GET"]}}],"collection":[{"href":"https:\/\/einsteresante.com\/index.php\/wp-json\/wp\/v2\/posts"}],"about":[{"href":"https:\/\/einsteresante.com\/index.php\/wp-json\/wp\/v2\/types\/post"}],"author":[{"embeddable":true,"href":"https:\/\/einsteresante.com\/index.php\/wp-json\/wp\/v2\/users\/1"}],"replies":[{"embeddable":true,"href":"https:\/\/einsteresante.com\/index.php\/wp-json\/wp\/v2\/comments?post=69916"}],"version-history":[{"count":10,"href":"https:\/\/einsteresante.com\/index.php\/wp-json\/wp\/v2\/posts\/69916\/revisions"}],"predecessor-version":[{"id":69926,"href":"https:\/\/einsteresante.com\/index.php\/wp-json\/wp\/v2\/posts\/69916\/revisions\/69926"}],"wp:featuredmedia":[{"embeddable":true,"href":"https:\/\/einsteresante.com\/index.php\/wp-json\/wp\/v2\/media\/69927"}],"wp:attachment":[{"href":"https:\/\/einsteresante.com\/index.php\/wp-json\/wp\/v2\/media?parent=69916"}],"wp:term":[{"taxonomy":"category","embeddable":true,"href":"https:\/\/einsteresante.com\/index.php\/wp-json\/wp\/v2\/categories?post=69916"},{"taxonomy":"post_tag","embeddable":true,"href":"https:\/\/einsteresante.com\/index.php\/wp-json\/wp\/v2\/tags?post=69916"}],"curies":[{"name":"wp","href":"https:\/\/api.w.org\/{rel}","templated":true}]}}