{"id":79194,"date":"2025-07-11T03:40:45","date_gmt":"2025-07-11T08:40:45","guid":{"rendered":"https:\/\/einsteresante.com\/?p=79194"},"modified":"2025-07-11T03:40:53","modified_gmt":"2025-07-11T08:40:53","slug":"descubren-tumba-de-1-600-anos-del-primer-gobernante-maya-de-una-ciudad-de-belice","status":"publish","type":"post","link":"https:\/\/einsteresante.com\/index.php\/2025\/07\/11\/descubren-tumba-de-1-600-anos-del-primer-gobernante-maya-de-una-ciudad-de-belice\/","title":{"rendered":"Descubren tumba de 1.600 a\u00f1os del primer gobernante maya de una ciudad de Belice"},"content":{"rendered":"\n<p>Arque\u00f3logos en Belice han desenterrado la tumba del primer gobernante de la antigua ciudad\u00a0<a href=\"https:\/\/www.livescience.com\/41781-the-maya.html\"><u>maya<\/u><\/a>\u00a0de Caracol, que fue un centro importante en las Tierras Bajas Mayas durante los siglos VI y VII. La tumba del rey de Caracol, llamado Te K&#8217;ab Chaak (que en maya significa &#8220;Dios de la lluvia y la rama del \u00e1rbol&#8221;) data de alrededor del a\u00f1o 350 d. C.; hab\u00eda ascendido al trono de Caracol en el a\u00f1o 331.<\/p>\n\n\n\n<p>Esta es la primera vez que se encuentra una tumba real identificable en Caracol desde que los arque\u00f3logos de la Universidad de Houston\u00a0<a href=\"https:\/\/www.uh.edu\/provost\/about\/meet-the-provost\/index.php\" target=\"_blank\" rel=\"noreferrer noopener\"><u>Diane Chase<\/u><\/a>\u00a0y\u00a0<a href=\"https:\/\/www.uh.edu\/class\/ccs\/people\/arlen-frank-chase\/index.php\" target=\"_blank\" rel=\"noreferrer noopener\"><u>Arlen Chase<\/u><\/a>\u00a0comenzaron las excavaciones all\u00ed hace m\u00e1s de 40 a\u00f1os, seg\u00fan un\u00a0<a href=\"https:\/\/uh.edu\/news-events\/stories\/2025\/july\/07102025-caracol-chase-discovery-maya-ruler.php\" target=\"_blank\" rel=\"noreferrer noopener\"><u>comunicado<\/u><\/a>\u00a0publicado el jueves 10 de julio. La tumba de Te K&#8217;ab Chaak fue una de las tres tumbas principales encontradas en la &#8220;Acr\u00f3polis del Noreste&#8221; del sitio, un complejo elevado justo en las afueras del centro de la ciudad que se utilizaba para residencias reales y ceremonias p\u00fablicas.<\/p>\n\n\n\n<p>La tumba real conten\u00eda vasijas de cer\u00e1mica, huesos tallados, conchas marinas, cuentas tubulares de jade y una\u00a0<a href=\"https:\/\/www.livescience.com\/archaeology\/jade-mask-depicting-maya-storm-god-unearthed-in-royal-tomb-in-guatemala\"><u>m\u00e1scara mortuoria de mosaico hecha de jade<\/u><\/a>. Una vasija de cer\u00e1mica representaba a un gobernante maya sosteniendo una lanza mientras recib\u00eda ofrendas, mientras que otra mostraba a Ek Chuah, el dios maya de los comerciantes, rodeado de ofrendas, seg\u00fan el comunicado. Un descubrimiento anterior en 2010 hab\u00eda encontrado artefactos del centro de M\u00e9xico, incluidas hojas de obsidiana, lo que indicaba la influencia de la ciudad de Teotihuac\u00e1n, en el centro de M\u00e9xico, que tambi\u00e9n influy\u00f3 en los\u00a0<a href=\"https:\/\/www.livescience.com\/aztec-empire-mexico\"><u>aztecas<\/u><\/a>\u00a0posteriores. Pero las tumbas reci\u00e9n descubiertas en Caracol datan de al menos una generaci\u00f3n anterior, lo que implica que albergaban gobernantes mayas nativos y no una \u00e9lite gobernante de\u00a0<a href=\"https:\/\/www.livescience.com\/22545-teotihuacan.html\"><u>Teotihuac\u00e1n<\/u><\/a>, seg\u00fan el comunicado.<\/p>\n\n\n\n<figure class=\"wp-block-image size-full\"><img loading=\"lazy\" decoding=\"async\" width=\"970\" height=\"606\" src=\"https:\/\/einsteresante.com\/wp-content\/uploads\/2025\/07\/image-38.png\" alt=\"\" class=\"wp-image-79219\" srcset=\"https:\/\/einsteresante.com\/wp-content\/uploads\/2025\/07\/image-38.png 970w, https:\/\/einsteresante.com\/wp-content\/uploads\/2025\/07\/image-38-300x187.png 300w, https:\/\/einsteresante.com\/wp-content\/uploads\/2025\/07\/image-38-768x480.png 768w\" sizes=\"auto, (max-width: 970px) 100vw, 970px\" \/><figcaption class=\"wp-element-caption\">Cr\u00e9dito de la imagen: Proyecto Arqueol\u00f3gico Caracol, Universidad de Houston.<br>Los ajuares de la tumba inclu\u00edan estas cuentas tubulares hechas de jade tallado.<\/figcaption><\/figure>\n\n\n\n<figure class=\"wp-block-image size-full\"><img loading=\"lazy\" decoding=\"async\" width=\"970\" height=\"606\" src=\"https:\/\/einsteresante.com\/wp-content\/uploads\/2025\/07\/image-39.png\" alt=\"\" class=\"wp-image-79222\" srcset=\"https:\/\/einsteresante.com\/wp-content\/uploads\/2025\/07\/image-39.png 970w, https:\/\/einsteresante.com\/wp-content\/uploads\/2025\/07\/image-39-300x187.png 300w, https:\/\/einsteresante.com\/wp-content\/uploads\/2025\/07\/image-39-768x480.png 768w\" sizes=\"auto, (max-width: 970px) 100vw, 970px\" \/><figcaption class=\"wp-element-caption\">Cr\u00e9dito de la imagen: Proyecto Arqueol\u00f3gico Caracol, Universidad de Houston.<br>Tambi\u00e9n se encontraron en la tumba varias vasijas de cer\u00e1mica distintivas, incluida \u00e9sta que representa a Ek Chuah, el dios maya de los comerciantes.<\/figcaption><\/figure>\n\n\n\n<h2 class=\"wp-block-heading\" id=\"maya-city-3\">Ciudad maya<\/h2>\n\n\n\n<p>Los restos de Te K&#8217;ab Chaak indican que med\u00eda aproximadamente 1,7 metros de altura y que no ten\u00eda dientes cuando falleci\u00f3 a una edad avanzada, seg\u00fan el comunicado. La dinast\u00eda real que fund\u00f3 perdur\u00f3 m\u00e1s de 460 a\u00f1os.<\/p>\n\n\n\n<p>Caracol fue una de las ciudades m\u00e1s grandes e importantes del mundo maya, con una poblaci\u00f3n estimada en\u00a0<a href=\"https:\/\/caracol.org\/about\/history\/\" target=\"_blank\" rel=\"noreferrer noopener\"><u>m\u00e1s de 100,000 habitantes en su apogeo. Sin embargo, por razones desconocidas,\u00a0<\/u><\/a><a href=\"https:\/\/www.livescience.com\/why-maya-civilization-collapsed.html\"><u>junto con muchos otros asentamientos mayas<\/u><\/a>, decay\u00f3\u00a0hacia el a\u00f1o 900 d. C.<\/p>\n\n\n\n<p>Sus ruinas se encuentran ahora en la selva alta del distrito de Cayo, en el centro de Belice, a unas 85 kil\u00f3metros de la costa del Caribe y 72 kil\u00f3metros al sureste de la ciudad maya de\u00a0<a href=\"https:\/\/www.livescience.com\/tikal-temples-maya-civilization\"><u>Tikal<\/u><\/a>\u00a0en Guatemala. <a href=\"https:\/\/caracol.org\/\" target=\"_blank\" rel=\"noreferrer noopener\"><u>Las investigaciones arqueol\u00f3gicas<\/u><\/a>\u00a0han revelado que Caracol alguna vez cubri\u00f3 m\u00e1s de <a href=\"https:\/\/caracol.org\/dig\/virtual-museum\/mapping\/\" target=\"_blank\" rel=\"noreferrer noopener\"><u>177 kil\u00f3metros cuadrados<\/u><\/a> con extensas calzadas, terrazas agr\u00edcolas, edificios y estructuras monumentales, como la<a href=\"https:\/\/caracol.org\/wp-content\/uploads\/2017\/06\/ACDC2017caana.pdf\" target=\"_blank\" rel=\"noreferrer noopener\"><u>\u00a0pir\u00e1mide de Caana<\/u><\/a>\u00a0de 43 metros, que tambi\u00e9n fue descubierta por los Chase y sigue siendo uno de los edificios m\u00e1s altos de Belice hasta el d\u00eda de hoy. Arlen Chase, profesor de antropolog\u00eda de la Universidad de Houston, dijo que las influencias de Teotihuac\u00e1n en el sitio indicaban que los primeros gobernantes de Caracol ten\u00edan contactos profundos con esa regi\u00f3n y otras partes de Mesoam\u00e9rica en ese momento.<\/p>\n\n\n\n<figure class=\"wp-block-image size-full\"><img loading=\"lazy\" decoding=\"async\" width=\"970\" height=\"970\" src=\"https:\/\/einsteresante.com\/wp-content\/uploads\/2025\/07\/image-36.png\" alt=\"\" class=\"wp-image-79211\" srcset=\"https:\/\/einsteresante.com\/wp-content\/uploads\/2025\/07\/image-36.png 970w, https:\/\/einsteresante.com\/wp-content\/uploads\/2025\/07\/image-36-300x300.png 300w, https:\/\/einsteresante.com\/wp-content\/uploads\/2025\/07\/image-36-150x150.png 150w, https:\/\/einsteresante.com\/wp-content\/uploads\/2025\/07\/image-36-768x768.png 768w\" sizes=\"auto, (max-width: 970px) 100vw, 970px\" \/><figcaption class=\"wp-element-caption\">Cr\u00e9dito de la imagen: Proyecto Arqueol\u00f3gico Caracol, Universidad de Houston.<br>La arque\u00f3loga de la Universidad de Houston, Diane Chase, dentro de la tumba reci\u00e9n descubierta, que data del siglo IV d. C.<\/figcaption><\/figure>\n\n\n\n<figure class=\"wp-block-image size-full\"><img loading=\"lazy\" decoding=\"async\" width=\"970\" height=\"970\" src=\"https:\/\/einsteresante.com\/wp-content\/uploads\/2025\/07\/image-37.png\" alt=\"\" class=\"wp-image-79214\" srcset=\"https:\/\/einsteresante.com\/wp-content\/uploads\/2025\/07\/image-37.png 970w, https:\/\/einsteresante.com\/wp-content\/uploads\/2025\/07\/image-37-300x300.png 300w, https:\/\/einsteresante.com\/wp-content\/uploads\/2025\/07\/image-37-150x150.png 150w, https:\/\/einsteresante.com\/wp-content\/uploads\/2025\/07\/image-37-768x768.png 768w\" sizes=\"auto, (max-width: 970px) 100vw, 970px\" \/><figcaption class=\"wp-element-caption\">Cr\u00e9dito de la imagen: Proyecto Arqueol\u00f3gico Caracol, Universidad de Houston.<br>Diane Chase y su esposo, el arque\u00f3logo de la Universidad de Houston Arlen Chase, han investigado las ruinas mayas de Caracol durante m\u00e1s de 40 a\u00f1os.<\/figcaption><\/figure>\n\n\n\n<p>&#8220;Tanto el centro de M\u00e9xico como el \u00e1rea maya ten\u00edan claro conocimiento de las pr\u00e1cticas rituales del otro&#8221;, a pesar de que Teotihuac\u00e1n se encuentra a unos 1.200 kil\u00f3metros de Caracol, se\u00f1al\u00f3 en el comunicado.<\/p>\n\n\n\n<p>Las conexiones entre las dos regiones parecen haber sido mantenidas por los propios gobernantes, por lo que Te K&#8217;ab Chaak y otros reyes mayas pueden haber &#8220;entablado relaciones diplom\u00e1ticas formales con Teotihuac\u00e1n&#8221;, dijo Chase.<\/p>\n\n\n\n<p>Fuente: <a href=\"https:\/\/www.livescience.com\/archaeology\/1-600-year-old-tomb-of-maya-citys-first-ruler-unearthed-in-belize\">Science Alert<\/a>.<\/p>\n","protected":false},"excerpt":{"rendered":"<p>Arque\u00f3logos en Belice han desenterrado la tumba del primer gobernante de la antigua ciudad\u00a0maya\u00a0de Caracol, que fue un centro importante en las Tierras Bajas Mayas durante los siglos VI y VII. La tumba del rey de Caracol, llamado Te K&#8217;ab Chaak (que en maya significa &#8220;Dios de la lluvia y la rama del \u00e1rbol&#8221;) data [&hellip;]<\/p>\n","protected":false},"author":1,"featured_media":79224,"comment_status":"open","ping_status":"open","sticky":false,"template":"","format":"standard","meta":{"footnotes":""},"categories":[6],"tags":[],"class_list":["post-79194","post","type-post","status-publish","format-standard","has-post-thumbnail","hentry","category-humanidades"],"_links":{"self":[{"href":"https:\/\/einsteresante.com\/index.php\/wp-json\/wp\/v2\/posts\/79194","targetHints":{"allow":["GET"]}}],"collection":[{"href":"https:\/\/einsteresante.com\/index.php\/wp-json\/wp\/v2\/posts"}],"about":[{"href":"https:\/\/einsteresante.com\/index.php\/wp-json\/wp\/v2\/types\/post"}],"author":[{"embeddable":true,"href":"https:\/\/einsteresante.com\/index.php\/wp-json\/wp\/v2\/users\/1"}],"replies":[{"embeddable":true,"href":"https:\/\/einsteresante.com\/index.php\/wp-json\/wp\/v2\/comments?post=79194"}],"version-history":[{"count":25,"href":"https:\/\/einsteresante.com\/index.php\/wp-json\/wp\/v2\/posts\/79194\/revisions"}],"predecessor-version":[{"id":79223,"href":"https:\/\/einsteresante.com\/index.php\/wp-json\/wp\/v2\/posts\/79194\/revisions\/79223"}],"wp:featuredmedia":[{"embeddable":true,"href":"https:\/\/einsteresante.com\/index.php\/wp-json\/wp\/v2\/media\/79224"}],"wp:attachment":[{"href":"https:\/\/einsteresante.com\/index.php\/wp-json\/wp\/v2\/media?parent=79194"}],"wp:term":[{"taxonomy":"category","embeddable":true,"href":"https:\/\/einsteresante.com\/index.php\/wp-json\/wp\/v2\/categories?post=79194"},{"taxonomy":"post_tag","embeddable":true,"href":"https:\/\/einsteresante.com\/index.php\/wp-json\/wp\/v2\/tags?post=79194"}],"curies":[{"name":"wp","href":"https:\/\/api.w.org\/{rel}","templated":true}]}}