{"id":9188,"date":"2021-07-15T22:25:06","date_gmt":"2021-07-16T03:25:06","guid":{"rendered":"https:\/\/einsteresante.com\/?p=9188"},"modified":"2021-07-15T22:25:06","modified_gmt":"2021-07-16T03:25:06","slug":"las-inundaciones-en-europa-occidental-son-las-mas-extremas-en-un-siglo","status":"publish","type":"post","link":"https:\/\/einsteresante.com\/index.php\/2021\/07\/15\/las-inundaciones-en-europa-occidental-son-las-mas-extremas-en-un-siglo\/","title":{"rendered":"Las inundaciones en Europa occidental son las m\u00e1s extremas en un siglo"},"content":{"rendered":"\n<p>Decenas de personas murieron e incluso m\u00e1s est\u00e1n desaparecidas despu\u00e9s de que las lluvias torrenciales provocaron inundaciones extremas en Alemania y la vecina B\u00e9lgica. Si bien en este punto, no podemos decir con certeza que las inundaciones fueron causadas por el cambio clim\u00e1tico, los expertos creen que se trata de inundaciones que ocurren una vez en un siglo, y se sabe que el cambio clim\u00e1tico amplifica este tipo de eventos extremos.<\/p>\n\n\n\n<p>En la pac\u00edfica, vitivin\u00edcola y monta\u00f1osa regi\u00f3n de Eifel en Alemania, seis casas se derrumbaron y otros 25 edificios est\u00e1n en riesgo extremo de derrumbarse. Al menos 70 personas est\u00e1n desaparecidas y 44 fueron confirmadas ya muertas. B\u00e9lgica tambi\u00e9n se ve afectada, al igual que los Pa\u00edses Bajos.<\/p>\n\n\n\n<p>Europa occidental no es propensa a las inundaciones ni a ning\u00fan fen\u00f3meno meteorol\u00f3gico extremo. Pero este verano, las olas de calor, las inundaciones e incluso los tornados parecen estar sobre la mesa.<\/p>\n\n\n\n<p>&#8220;Hay gente muerta, hay gente desaparecida, hay muchos que todav\u00eda est\u00e1n en peligro&#8221;, dijo el gobernador del estado de Renania-Palatinado, Malu Dreyer, al parlamento regional. \u201cNunca hab\u00edamos visto tal desastre. Es realmente devastador&#8221;.<\/p>\n\n\n\n<p>La canciller alemana, Angela Merkel, dijo que estaba angustiada por la noticia de las inundaciones. \u201cMi m\u00e1s sentido p\u00e9same para los familiares y los muertos y desaparecidos\u201d, dijo durante un viaje a Washington.<\/p>\n\n\n\n<p>La situaci\u00f3n a\u00fan se est\u00e1 desarrollando y a\u00fan no se conoce el alcance total de los da\u00f1os. Para empeorar las cosas, es posible que lo peor a\u00fan no haya pasado: las autoridades se est\u00e1n preparando para m\u00e1s lluvia hoy, aunque se espera un clima m\u00e1s seco durante el fin de semana.<\/p>\n\n\n\n<p>Este nivel de lluvia no se ha visto en cien a\u00f1os. Los municipios locales han visto b\u00e1sicamente dos meses de lluvia en un solo d\u00eda. Mientras tanto, se esperan temperaturas altas de m\u00e1s de 30\u00b0C en partes del norte de Europa, y la noche entre el mi\u00e9rcoles y el jueves fue la m\u00e1s calurosa en la historia de Finlandia.<\/p>\n\n\n\n<p>Si bien es muy dif\u00edcil vincular los eventos clim\u00e1ticos individuales con cambios clim\u00e1ticos m\u00e1s grandes, los investigadores han advertido durante d\u00e9cadas que estos cambios traer\u00e1n eventos clim\u00e1ticos m\u00e1s extremos como inundaciones y olas de calor. Incluso un tornado azot\u00f3 la naci\u00f3n centroeuropea de Rep\u00fablica Checa, matando a cinco personas en el proceso.<\/p>\n\n\n\n<p>Se espera que estos fen\u00f3menos meteorol\u00f3gicos extremos que ocurren una vez en un siglo sean cada vez m\u00e1s comunes a medida que entre en vigor la nueva normalidad clim\u00e1tica. Los cambios clim\u00e1ticos actuales est\u00e1n impulsados \u200b\u200bpor las emisiones de gases de efecto invernadero provocadas por el hombre y seguir\u00e1n acentu\u00e1ndose mientras sigamos emitiendo. Armin Laschet, el candidato conservador para suceder a Merkel como canciller en las elecciones generales de septiembre y el primer ministro del estado de Renania del Norte-Westfalia, tambi\u00e9n lo se\u00f1al\u00f3 durante una visita a la zona.<\/p>\n\n\n\n<p>&#8220;Nos enfrentaremos a este tipo de eventos una y otra vez, y eso significa que debemos acelerar las medidas de protecci\u00f3n clim\u00e1tica, a nivel europeo, federal y mundial, porque el cambio clim\u00e1tico no se limita a un solo estado&#8221;, dijo.<\/p>\n\n\n\n<p>Fuente: <a href=\"https:\/\/www.zmescience.com\/ecology\/climate\/climate-normal-floods-europe-15072021\/\">ZME Science<\/a>.<\/p>\n","protected":false},"excerpt":{"rendered":"<p>Decenas de personas murieron e incluso m\u00e1s est\u00e1n desaparecidas despu\u00e9s de que las lluvias torrenciales provocaron inundaciones extremas en Alemania y la vecina B\u00e9lgica. Si bien en este punto, no podemos decir con certeza que las inundaciones fueron causadas por el cambio clim\u00e1tico, los expertos creen que se trata de inundaciones que ocurren una vez [&hellip;]<\/p>\n","protected":false},"author":1,"featured_media":0,"comment_status":"open","ping_status":"open","sticky":false,"template":"","format":"standard","meta":{"footnotes":""},"categories":[10],"tags":[],"class_list":["post-9188","post","type-post","status-publish","format-standard","hentry","category-medio-ambiente"],"_links":{"self":[{"href":"https:\/\/einsteresante.com\/index.php\/wp-json\/wp\/v2\/posts\/9188","targetHints":{"allow":["GET"]}}],"collection":[{"href":"https:\/\/einsteresante.com\/index.php\/wp-json\/wp\/v2\/posts"}],"about":[{"href":"https:\/\/einsteresante.com\/index.php\/wp-json\/wp\/v2\/types\/post"}],"author":[{"embeddable":true,"href":"https:\/\/einsteresante.com\/index.php\/wp-json\/wp\/v2\/users\/1"}],"replies":[{"embeddable":true,"href":"https:\/\/einsteresante.com\/index.php\/wp-json\/wp\/v2\/comments?post=9188"}],"version-history":[{"count":5,"href":"https:\/\/einsteresante.com\/index.php\/wp-json\/wp\/v2\/posts\/9188\/revisions"}],"predecessor-version":[{"id":9193,"href":"https:\/\/einsteresante.com\/index.php\/wp-json\/wp\/v2\/posts\/9188\/revisions\/9193"}],"wp:attachment":[{"href":"https:\/\/einsteresante.com\/index.php\/wp-json\/wp\/v2\/media?parent=9188"}],"wp:term":[{"taxonomy":"category","embeddable":true,"href":"https:\/\/einsteresante.com\/index.php\/wp-json\/wp\/v2\/categories?post=9188"},{"taxonomy":"post_tag","embeddable":true,"href":"https:\/\/einsteresante.com\/index.php\/wp-json\/wp\/v2\/tags?post=9188"}],"curies":[{"name":"wp","href":"https:\/\/api.w.org\/{rel}","templated":true}]}}