{"id":92957,"date":"2026-01-22T11:16:46","date_gmt":"2026-01-22T16:16:46","guid":{"rendered":"https:\/\/einsteresante.com\/?p=92957"},"modified":"2026-01-22T11:16:48","modified_gmt":"2026-01-22T16:16:48","slug":"astronautas-revelan-herramienta-crucial-usada-en-crisis-medica-en-la-estacion-espacial-internacional","status":"publish","type":"post","link":"https:\/\/einsteresante.com\/index.php\/2026\/01\/22\/astronautas-revelan-herramienta-crucial-usada-en-crisis-medica-en-la-estacion-espacial-internacional\/","title":{"rendered":"Astronautas revelan herramienta crucial usada en crisis m\u00e9dica en la Estaci\u00f3n Espacial Internacional"},"content":{"rendered":"\n<p>CABO CA\u00d1AVERAL, Florida, EE.UU. (AP) \u2013 Los astronautas&nbsp;<a href=\"https:\/\/apnews.com\/article\/nasa-space-astronauts-crew-medical-spacex-d89651fb83a8eb32d8619052424a5cb8\">evacuados<\/a>&nbsp;la semana pasada de la&nbsp;<a href=\"https:\/\/apnews.com\/article\/international-space-station-nasa-b9d0e23a04c0c047887b3d7eeef65c9f\">Estaci\u00f3n Espacial Internacional<\/a>&nbsp;dicen que una m\u00e1quina de ultrasonido port\u00e1til les result\u00f3 &#8220;s\u00faper \u00fatil&#8221; durante la crisis m\u00e9dica.<\/p>\n\n\n\n<p>Durante su primera aparici\u00f3n p\u00fablica desde su regreso a la Tierra, los cuatro astronautas se negaron el mi\u00e9rcoles a revelar cu\u00e1l de ellos necesitaba atenci\u00f3n m\u00e9dica y por qu\u00e9. Fue la primera evacuaci\u00f3n m\u00e9dica de la NASA en 65 a\u00f1os de vuelos espaciales tripulados.<\/p>\n\n\n\n<p>Mike Fincke, de la NASA, dijo que la tripulaci\u00f3n utiliz\u00f3 la m\u00e1quina de ultrasonido a bordo una vez que surgi\u00f3 el problema m\u00e9dico el 7 de enero, el d\u00eda antes de una caminata espacial planificada que fue cancelada abruptamente.<\/p>\n\n\n\n<p>Los astronautas ya hab\u00edan utilizado mucho el dispositivo para controles rutinarios de los cambios en su cuerpo mientras viv\u00edan en ingravidez, &#8220;as\u00ed que cuando tuvimos esta emergencia, la m\u00e1quina de ultrasonido nos result\u00f3 muy \u00fatil&#8221;.<\/p>\n\n\n\n<figure class=\"wp-block-image size-full\"><img loading=\"lazy\" decoding=\"async\" width=\"600\" height=\"327\" src=\"https:\/\/einsteresante.com\/wp-content\/uploads\/2026\/01\/image-79.png\" alt=\"\" class=\"wp-image-92962\" srcset=\"https:\/\/einsteresante.com\/wp-content\/uploads\/2026\/01\/image-79.png 600w, https:\/\/einsteresante.com\/wp-content\/uploads\/2026\/01\/image-79-300x164.png 300w\" sizes=\"auto, (max-width: 600px) 100vw, 600px\" \/><figcaption class=\"wp-element-caption\">El astronauta de la NASA Kevin Ford se entrena con un sistema de ultrasonido port\u00e1til en la Tierra. <a href=\"https:\/\/commons.wikimedia.org\/wiki\/File:NASA_Astronaut_Kevin_Ford_trains_with_Ultrasound_2.jpg\">NASA<\/a>.<\/figcaption><\/figure>\n\n\n\n<p>Fue tan \u00fatil que Fincke afirm\u00f3 que deber\u00eda haber uno en todos los vuelos espaciales futuros. &#8220;Fue de gran ayuda&#8221;, afirm\u00f3.<\/p>\n\n\n\n<p>&#8220;Por supuesto, no ten\u00edamos otras m\u00e1quinas grandes como las que tenemos aqu\u00ed en la Tierra&#8221;, a\u00f1adi\u00f3. &#8220;Intentamos asegurarnos de que nadie antes de volar est\u00e9 expuesto a sorpresas. Pero a veces ocurren cosas y las sorpresas ocurren, y el equipo estaba preparado&#8230; la preparaci\u00f3n fue fundamental&#8221;.<\/p>\n\n\n\n<p>La estaci\u00f3n espacial est\u00e1 preparada lo mejor posible para emergencias m\u00e9dicas, dijo Zena Cardman de la NASA, quien comand\u00f3 el vuelo de regreso anticipado de la tripulaci\u00f3n con SpaceX.<\/p>\n\n\n\n<p>Dijo que la NASA &#8220;tom\u00f3 todas las decisiones correctas&#8221; al cancelar la caminata espacial, que habr\u00eda sido la primera, y priorizar el bienestar de la tripulaci\u00f3n.<\/p>\n\n\n\n<p>El astronauta japon\u00e9s Kimiya Yui dijo que estaba sorprendido de lo bien que todo el entrenamiento previo al vuelo dio sus frutos para lidiar con los problemas de salud.<\/p>\n\n\n\n<p>&#8220;Podemos afrontar cualquier situaci\u00f3n dif\u00edcil&#8221;, dijo Yui. &#8220;Esta es una experiencia realmente excelente para el futuro de los vuelos espaciales tripulados&#8221;.<\/p>\n\n\n\n<p>El ruso Oleg Platonov se uni\u00f3 a ellos en lo que result\u00f3 ser una misi\u00f3n de cinco meses y medio (m\u00e1s de un mes menos de lo previsto). Despegaron el pasado agosto desde Florida y amerizaron en el Pac\u00edfico frente a la costa de San Diego la semana pasada.<\/p>\n\n\n\n<figure class=\"wp-block-image size-full\"><img loading=\"lazy\" decoding=\"async\" width=\"600\" height=\"374\" src=\"https:\/\/einsteresante.com\/wp-content\/uploads\/2026\/01\/image-80.png\" alt=\"\" class=\"wp-image-92963\" srcset=\"https:\/\/einsteresante.com\/wp-content\/uploads\/2026\/01\/image-80.png 600w, https:\/\/einsteresante.com\/wp-content\/uploads\/2026\/01\/image-80-300x187.png 300w\" sizes=\"auto, (max-width: 600px) 100vw, 600px\" \/><figcaption class=\"wp-element-caption\">Los equipos de apoyo a bordo de la nave de recuperaci\u00f3n de SpaceX, SHANNON, trabajan alrededor de la nave espacial SpaceX Dragon Endeavour poco despu\u00e9s de que aterrizara con los astronautas de la NASA Zena Cardman, Mike Fincke, la astronauta de la Agencia de Exploraci\u00f3n Aeroespacial de Jap\u00f3n Kimiya Yui y el cosmonauta de Roscosmos Oleg Platonov a bordo en el Oc\u00e9ano Pac\u00edfico frente a la costa de Long Beach, California, el jueves 15 de enero de 2026. NASA v\u00eda AP.<\/figcaption><\/figure>\n\n\n\n<p>Sus reemplazos, cuyo despegue est\u00e1 previsto para mediados de febrero, les dieron la bienvenida de regreso a Houston. La NASA y SpaceX est\u00e1n trabajando para adelantar el vuelo.<\/p>\n\n\n\n<p>&#8220;Esper\u00e1bamos darles abrazos en el espacio, pero les dimos abrazos en la Tierra&#8221;, dijo Fincke.<\/p>\n\n\n\n<p>Fuente: <a href=\"https:\/\/www.sciencealert.com\/astronauts-reveal-critical-medical-tool-used-in-iss-health-crisis\">Science Alert<\/a>.<\/p>\n","protected":false},"excerpt":{"rendered":"<p>CABO CA\u00d1AVERAL, Florida, EE.UU. (AP) \u2013 Los astronautas&nbsp;evacuados&nbsp;la semana pasada de la&nbsp;Estaci\u00f3n Espacial Internacional&nbsp;dicen que una m\u00e1quina de ultrasonido port\u00e1til les result\u00f3 &#8220;s\u00faper \u00fatil&#8221; durante la crisis m\u00e9dica. Durante su primera aparici\u00f3n p\u00fablica desde su regreso a la Tierra, los cuatro astronautas se negaron el mi\u00e9rcoles a revelar cu\u00e1l de ellos necesitaba atenci\u00f3n m\u00e9dica y [&hellip;]<\/p>\n","protected":false},"author":1,"featured_media":92966,"comment_status":"open","ping_status":"open","sticky":false,"template":"","format":"standard","meta":{"footnotes":""},"categories":[8],"tags":[],"class_list":["post-92957","post","type-post","status-publish","format-standard","has-post-thumbnail","hentry","category-astronautica"],"_links":{"self":[{"href":"https:\/\/einsteresante.com\/index.php\/wp-json\/wp\/v2\/posts\/92957","targetHints":{"allow":["GET"]}}],"collection":[{"href":"https:\/\/einsteresante.com\/index.php\/wp-json\/wp\/v2\/posts"}],"about":[{"href":"https:\/\/einsteresante.com\/index.php\/wp-json\/wp\/v2\/types\/post"}],"author":[{"embeddable":true,"href":"https:\/\/einsteresante.com\/index.php\/wp-json\/wp\/v2\/users\/1"}],"replies":[{"embeddable":true,"href":"https:\/\/einsteresante.com\/index.php\/wp-json\/wp\/v2\/comments?post=92957"}],"version-history":[{"count":6,"href":"https:\/\/einsteresante.com\/index.php\/wp-json\/wp\/v2\/posts\/92957\/revisions"}],"predecessor-version":[{"id":92965,"href":"https:\/\/einsteresante.com\/index.php\/wp-json\/wp\/v2\/posts\/92957\/revisions\/92965"}],"wp:featuredmedia":[{"embeddable":true,"href":"https:\/\/einsteresante.com\/index.php\/wp-json\/wp\/v2\/media\/92966"}],"wp:attachment":[{"href":"https:\/\/einsteresante.com\/index.php\/wp-json\/wp\/v2\/media?parent=92957"}],"wp:term":[{"taxonomy":"category","embeddable":true,"href":"https:\/\/einsteresante.com\/index.php\/wp-json\/wp\/v2\/categories?post=92957"},{"taxonomy":"post_tag","embeddable":true,"href":"https:\/\/einsteresante.com\/index.php\/wp-json\/wp\/v2\/tags?post=92957"}],"curies":[{"name":"wp","href":"https:\/\/api.w.org\/{rel}","templated":true}]}}