{"id":93117,"date":"2026-01-26T00:37:00","date_gmt":"2026-01-26T05:37:00","guid":{"rendered":"https:\/\/einsteresante.com\/?p=93117"},"modified":"2026-01-26T00:37:01","modified_gmt":"2026-01-26T05:37:01","slug":"por-que-la-luna-se-ve-mas-grande-cuando-esta-en-el-horizonte","status":"publish","type":"post","link":"https:\/\/einsteresante.com\/index.php\/2026\/01\/26\/por-que-la-luna-se-ve-mas-grande-cuando-esta-en-el-horizonte\/","title":{"rendered":"\u00bfPor qu\u00e9 la Luna se ve m\u00e1s grande cuando est\u00e1 en el horizonte?"},"content":{"rendered":"\n<p id=\"e8a3cced-a5b5-49c7-aebe-cefc92620d93\">Cuando la luna llena se asoma por el horizonte, parece enorme. Este es un fen\u00f3meno curioso, ya que en esta posici\u00f3n, la luna est\u00e1 m\u00e1s alejada de nosotros y, por lo tanto, deber\u00eda parecer ligeramente m\u00e1s peque\u00f1a que cuando est\u00e1 en su cenit.<\/p>\n\n\n\n<p>&#8220;En realidad, hay que mirar a trav\u00e9s de la distancia de la Tierra, por lo que [la Luna] est\u00e1 un radio terrestre m\u00e1s lejos que cuando est\u00e1 directamente sobre nuestras cabezas&#8221;, dijo a Live Science\u00a0<a href=\"https:\/\/aasnova.org\/author\/susanna\/\" target=\"_blank\" rel=\"noreferrer noopener\"><u>Susanna Kohler<\/u><\/a>, astr\u00f3noma y portavoz de la Sociedad Astron\u00f3mica Estadounidense.<a href=\"https:\/\/www.livescience.com\/space\/the-moon\/why-does-the-moon-look-larger-when-its-on-the-horizon\" target=\"_blank\" rel=\"noreferrer noopener\"><\/a><\/p>\n\n\n\n<p id=\"e8a3cced-a5b5-49c7-aebe-cefc92620d93-2\">Entonces \u00bfpor qu\u00e9&nbsp;<a href=\"https:\/\/www.livescience.com\/space\/astronomy\/the-moon\"><u>la Luna<\/u><\/a>&nbsp;parece m\u00e1s grande cuando est\u00e1 en el horizonte?<\/p>\n\n\n\n<p>Este misterio, conocido como la &#8220;ilusi\u00f3n lunar&#8221;, ha desconcertado a los observadores del cielo durante milenios, y hasta el d\u00eda de hoy, &#8220;no comprendemos del todo c\u00f3mo funciona&#8221;, afirm\u00f3 Kohler. Las primeras explicaciones, incluyendo las ideas de Arist\u00f3teles, atribu\u00edan la ilusi\u00f3n a las&nbsp;<a href=\"https:\/\/archive.org\/details\/naturalhistoryof0000wade\/page\/354\/mode\/2up\" target=\"_blank\" rel=\"noreferrer noopener\"><u>propiedades de aumento de la niebla<\/u><\/a>&nbsp;o a la refracci\u00f3n de la luz en la atm\u00f3sfera. Sin embargo,&nbsp;<a href=\"https:\/\/www.planetary.org\/space-images\/a-squished-moon\" target=\"_blank\" rel=\"noreferrer noopener\"><u>fotograf\u00edas tomadas en la actualidad<\/u><\/a>&nbsp;desmienten esta teor\u00eda, mostrando c\u00f3mo la refracci\u00f3n, en cambio, hace que la luna parezca aplastada en lugar de agrandada.<\/p>\n\n\n\n<p id=\"a44e872b-1ea9-4152-9df9-1427d90e4912\">Por lo tanto, la ilusi\u00f3n lunar es probablemente &#8220;algo que sucede dentro del cerebro&#8221; cuando construimos nuestras percepciones de tama\u00f1o, dijo\u00a0<a href=\"https:\/\/louisville.edu\/medicine\/departments\/anatomy\/facultylist\/bart-borghuis-phd\" target=\"_blank\" rel=\"noreferrer noopener\"><u>Bart Borghuis<\/u><\/a>, un neurocient\u00edfico de la Universidad de Louisville que escribi\u00f3\u00a0<a href=\"https:\/\/retina.anatomy.upenn.edu\/~bart\/scriptie.html\" target=\"_blank\" rel=\"noreferrer noopener\"><u>una tesis literaria<\/u><\/a>\u00a0sobre el tema durante sus estudios universitarios y ahora investiga el procesamiento visual.<\/p>\n\n\n\n<p>Los investigadores han propuesto muchas explicaciones sobre c\u00f3mo el tama\u00f1o de la luna influye en nuestro cerebro, se\u00f1al\u00f3 Kohler. Una idea es que, cuando la luna est\u00e1 m\u00e1s cerca del horizonte, contrasta con los objetos m\u00e1s peque\u00f1os, como \u00e1rboles y edificios, en la superficie terrestre. Sin embargo, Kohler a\u00f1adi\u00f3 que la luna sigue pareciendo m\u00e1s grande incluso en un plano sin rasgos distintivos, como el oc\u00e9ano, lo que sugiere que intervienen m\u00e1s factores.<\/p>\n\n\n\n<p>La teor\u00eda&nbsp;<a href=\"https:\/\/doi.org\/10.1073\/pnas.97.1.500\" target=\"_blank\" rel=\"noreferrer noopener\"><u>m\u00e1s respaldada por la evidencia<\/u><\/a>&nbsp;y frecuentemente citada en los libros de texto se centra en las falacias de c\u00f3mo solemos usar la distancia para percibir el tama\u00f1o. Seg\u00fan Borghuis, la percepci\u00f3n del tama\u00f1o es un proceso de dos pasos: primero, nuestras retinas registran el tama\u00f1o del objeto; y segundo, juzgamos su tama\u00f1o considerando la distancia percibida, un principio de percepci\u00f3n visual conocido como la Ley de Emmert.<\/p>\n\n\n\n<p>Este principio se aplica a la luna, seg\u00fan una investigaci\u00f3n publicada en la revista&nbsp;<a href=\"https:\/\/www.science.org\/doi\/10.1126\/science.136.3520.953\" target=\"_blank\" rel=\"noreferrer noopener\"><u>Science<\/u><\/a>&nbsp;en 1962. El estudio descubri\u00f3 que cuando se muestra una luna simulada al final del horizonte, la gente la percibe m\u00e1s grande porque el terreno la hace parecer m\u00e1s lejana. Por el contrario, cuando se muestra una luna sin terreno, donde carece de indicadores que sugieran la distancia visual, la ilusi\u00f3n de aumento desaparece.<\/p>\n\n\n\n<figure class=\"wp-block-image size-full\"><img loading=\"lazy\" decoding=\"async\" width=\"970\" height=\"553\" src=\"https:\/\/einsteresante.com\/wp-content\/uploads\/2026\/01\/image-92.png\" alt=\"\" class=\"wp-image-93127\" srcset=\"https:\/\/einsteresante.com\/wp-content\/uploads\/2026\/01\/image-92.png 970w, https:\/\/einsteresante.com\/wp-content\/uploads\/2026\/01\/image-92-300x171.png 300w, https:\/\/einsteresante.com\/wp-content\/uploads\/2026\/01\/image-92-768x438.png 768w\" sizes=\"auto, (max-width: 970px) 100vw, 970px\" \/><figcaption class=\"wp-element-caption\">La ilusi\u00f3n de Ponzo ocurre cuando l\u00edneas del mismo tama\u00f1o parecen diferir en longitud porque est\u00e1n colocadas en diferentes perspectivas. Cr\u00e9dito de la imagen: PeterHermesFurian\/Getty Images.<\/figcaption><\/figure>\n\n\n\n<p id=\"a0d4d945-b84c-433b-aab8-bb2bc2508904\">Esta fue una observaci\u00f3n &#8220;que se repiti\u00f3 muchas veces en experimentos de psicof\u00edsica: un espacio lleno se percibe como m\u00e1s extenso y m\u00e1s largo que un espacio vac\u00edo&#8221;, dijo Borghuis a Live Science.<\/p>\n\n\n\n<p>Como resultado, &#8220;la mayor\u00eda percibimos el cielo como una especie de cuenco aplanado&#8221;, dijo Kohler, aunque t\u00e9cnicamente es una media esfera. Esta es otra forma de entender la ilusi\u00f3n de la luna. Con un cielo aplanado, cuando algo est\u00e1 en el horizonte, creemos que est\u00e1 m\u00e1s lejos que si estuviera arriba, lo que nos lleva a pensar que un objeto del mismo tama\u00f1o es m\u00e1s grande cuando est\u00e1 m\u00e1s bajo en el cielo.<\/p>\n\n\n\n<p>Esta idea es similar a la base de la\u00a0<a href=\"https:\/\/dictionary.apa.org\/ponzo-illusion\" target=\"_blank\" rel=\"noreferrer noopener\"><u>ilusi\u00f3n de Ponzo<\/u><\/a>, en la que las l\u00edneas del mismo tama\u00f1o parecen diferir en longitud porque est\u00e1n colocadas en diferentes perspectivas. Tambi\u00e9n puedes ver esta ilusi\u00f3n en acci\u00f3n con un experimento casero. Si miras fijamente un objeto brillante, como una bombilla, durante unos segundos y luego miras una pared vac\u00eda, probablemente ver\u00e1s una sombra m\u00e1s oscura, que deber\u00eda permanecer del mismo tama\u00f1o independientemente de lo que mires. Sin embargo, al pasar de mirar una pared lejana a una m\u00e1s cercana, podr\u00edas notar que el tama\u00f1o del punto cambia. &#8220;Es la prueba o experimento m\u00e1s ilustrativo que puedes hacer&#8221;, dijo Borghuis.<\/p>\n\n\n\n<p>Estas ilusiones persisten incluso si conocemos las limitaciones de nuestro cerebro para estimar el tama\u00f1o. En cualquier caso, &#8220;observar la luna en todas sus fases siempre es una gran idea, porque es realmente genial&#8221;, dijo Kohler. &#8220;Pero poder observar tambi\u00e9n el lado fascinante de la neurociencia al mismo tiempo es genial&#8221;.<\/p>\n\n\n\n<p>Fuente: <a href=\"https:\/\/www.livescience.com\/space\/the-moon\/why-does-the-moon-look-larger-when-its-on-the-horizon\">Live Science<\/a>.<\/p>\n","protected":false},"excerpt":{"rendered":"<p>Cuando la luna llena se asoma por el horizonte, parece enorme. Este es un fen\u00f3meno curioso, ya que en esta posici\u00f3n, la luna est\u00e1 m\u00e1s alejada de nosotros y, por lo tanto, deber\u00eda parecer ligeramente m\u00e1s peque\u00f1a que cuando est\u00e1 en su cenit. &#8220;En realidad, hay que mirar a trav\u00e9s de la distancia de la [&hellip;]<\/p>\n","protected":false},"author":1,"featured_media":93132,"comment_status":"open","ping_status":"open","sticky":false,"template":"","format":"standard","meta":{"footnotes":""},"categories":[5],"tags":[],"class_list":["post-93117","post","type-post","status-publish","format-standard","has-post-thumbnail","hentry","category-astronomia"],"_links":{"self":[{"href":"https:\/\/einsteresante.com\/index.php\/wp-json\/wp\/v2\/posts\/93117","targetHints":{"allow":["GET"]}}],"collection":[{"href":"https:\/\/einsteresante.com\/index.php\/wp-json\/wp\/v2\/posts"}],"about":[{"href":"https:\/\/einsteresante.com\/index.php\/wp-json\/wp\/v2\/types\/post"}],"author":[{"embeddable":true,"href":"https:\/\/einsteresante.com\/index.php\/wp-json\/wp\/v2\/users\/1"}],"replies":[{"embeddable":true,"href":"https:\/\/einsteresante.com\/index.php\/wp-json\/wp\/v2\/comments?post=93117"}],"version-history":[{"count":13,"href":"https:\/\/einsteresante.com\/index.php\/wp-json\/wp\/v2\/posts\/93117\/revisions"}],"predecessor-version":[{"id":93131,"href":"https:\/\/einsteresante.com\/index.php\/wp-json\/wp\/v2\/posts\/93117\/revisions\/93131"}],"wp:featuredmedia":[{"embeddable":true,"href":"https:\/\/einsteresante.com\/index.php\/wp-json\/wp\/v2\/media\/93132"}],"wp:attachment":[{"href":"https:\/\/einsteresante.com\/index.php\/wp-json\/wp\/v2\/media?parent=93117"}],"wp:term":[{"taxonomy":"category","embeddable":true,"href":"https:\/\/einsteresante.com\/index.php\/wp-json\/wp\/v2\/categories?post=93117"},{"taxonomy":"post_tag","embeddable":true,"href":"https:\/\/einsteresante.com\/index.php\/wp-json\/wp\/v2\/tags?post=93117"}],"curies":[{"name":"wp","href":"https:\/\/api.w.org\/{rel}","templated":true}]}}