{"id":95010,"date":"2026-03-10T18:59:05","date_gmt":"2026-03-10T23:59:05","guid":{"rendered":"https:\/\/einsteresante.com\/?p=95010"},"modified":"2026-03-10T18:59:07","modified_gmt":"2026-03-10T23:59:07","slug":"los-busardos-o-ratoneros-comunes-estan-perdiendo-la-diversidad-de-su-plumaje-revela-la-ciencia-ciudadana","status":"publish","type":"post","link":"https:\/\/einsteresante.com\/index.php\/2026\/03\/10\/los-busardos-o-ratoneros-comunes-estan-perdiendo-la-diversidad-de-su-plumaje-revela-la-ciencia-ciudadana\/","title":{"rendered":"Los busardos o ratoneros comunes est\u00e1n perdiendo la diversidad de su plumaje, revela la ciencia ciudadana"},"content":{"rendered":"\n<p>Como su nombre indica, el ratonero com\u00fan es una de las aves rapaces m\u00e1s conocidas de Europa. A menudo se le ve posado en postes de cercas buscando ratones y gusanos, o realizando espectaculares descensos en picado sobre los campos para atraer parejas. En franc\u00e9s, su nombre es igualmente revelador: buse variable, o &#8220;busardo ratonero variable&#8221;, inspirado en su plumaje tan diverso que algunos ejemplares han sido confundidos con especies diferentes. Durante a\u00f1os, los amantes de la naturaleza de toda Europa han registrado en l\u00ednea los avistamientos de busardos, y estos registros han permitido a los cient\u00edficos del Instituto Max Planck de Inteligencia Biol\u00f3gica y a sus colaboradores internacionales crear la primera imagen continental del color de los busardos y cartografiar su evoluci\u00f3n.<\/p>\n\n\n\n<h2 class=\"wp-block-heading\">La vida en color<\/h2>\n\n\n\n<p>En todo el reino animal, el color cumple m\u00faltiples funciones, desde el camuflaje hasta la termorregulaci\u00f3n y el cortejo, e incluso dentro de una misma especie, las diferencias pueden ser m\u00e1s profundas que las plumas. Algunas teor\u00edas ecol\u00f3gicas predicen patrones de coloraci\u00f3n distintos, como aves m\u00e1s oscuras en los bosques para camuflarse y en regiones m\u00e1s fr\u00edas para absorber el calor solar. En las aves, estas reglas se cumplen en general, pero se desconoce si tambi\u00e9n explican la variaci\u00f3n de color en los busardos.<\/p>\n\n\n\n<p>Los hallazgos&nbsp;<a href=\"https:\/\/onlinelibrary.wiley.com\/doi\/10.1111\/ibi.70041\" target=\"_blank\" rel=\"noreferrer noopener\">publicados<\/a>&nbsp;en&nbsp;<em>Ibis, The International Journal of Avian Science,<\/em>&nbsp;revelan que las aves de color claro tienden a encontrarse en el norte y centro de Europa, mientras que las aves de color oscuro son m\u00e1s comunes en Breta\u00f1a e Iberia. Las aves intermedias \u2014ni especialmente oscuras ni especialmente claras\u2014 son m\u00e1s abundantes en el sureste de Europa y las Islas Brit\u00e1nicas, un mosaico geogr\u00e1fico apenas vinculado a los factores ambientales estudiados.<\/p>\n\n\n\n<figure class=\"wp-block-image size-full\"><img loading=\"lazy\" decoding=\"async\" width=\"800\" height=\"530\" src=\"https:\/\/einsteresante.com\/wp-content\/uploads\/2026\/03\/image-27.png\" alt=\"\" class=\"wp-image-95014\" srcset=\"https:\/\/einsteresante.com\/wp-content\/uploads\/2026\/03\/image-27.png 800w, https:\/\/einsteresante.com\/wp-content\/uploads\/2026\/03\/image-27-300x199.png 300w, https:\/\/einsteresante.com\/wp-content\/uploads\/2026\/03\/image-27-768x509.png 768w\" sizes=\"auto, (max-width: 800px) 100vw, 800px\" \/><figcaption class=\"wp-element-caption\">Un conjunto de datos con casi 100.000 observaciones de la poblaci\u00f3n muestra la variaci\u00f3n geogr\u00e1fica de la coloraci\u00f3n oscura, clara o intermedia del plumaje del busardo ratonero en Europa. Cr\u00e9dito: MPI para Inteligencia Biol\u00f3gica \/ Kaspar Delhey.<\/figcaption><\/figure>\n\n\n\n<p>&#8220;Sorprendentemente, las teor\u00edas ecol\u00f3gicas que probamos explicaron muy poco sobre la variaci\u00f3n de color en los busardos comunes. Por ejemplo, las aves m\u00e1s claras tend\u00edan a ser m\u00e1s dominantes en las regiones m\u00e1s fr\u00edas y no en las m\u00e1s c\u00e1lidas&#8221;, afirm\u00f3 Kaspar Delhey, primer autor e investigador del Instituto Max Planck de Inteligencia Biol\u00f3gica.<\/p>\n\n\n\n<p>El color del busardo ratonero com\u00fan es fuertemente hereditario, por lo que estos patrones podr\u00edan reflejar c\u00f3mo los busardos recolonizaron Europa despu\u00e9s de la \u00faltima Edad de Hielo, o estar relacionados con factores ecol\u00f3gicos a\u00fan no identificados, o ambas cosas. Como una de las aves m\u00e1s extendidas y con mayor variabilidad de color en Europa, el busardo ratonero es un modelo poderoso para comprender c\u00f3mo se mantiene y se pierde dicha diversidad en las poblaciones silvestres, y las observaciones realizadas por cient\u00edficos ciudadanos han proporcionado un recurso incre\u00edble para explorar estas cuestiones.<\/p>\n\n\n\n<h2 class=\"wp-block-heading\">Diversidad opacada<\/h2>\n\n\n\n<p>El trabajo recopil\u00f3 observaciones ciudadanas de diversas fuentes, incluyendo un portal espec\u00edfico desarrollado por los investigadores Elena Kappers y Bart Kempenaers, donde los observadores pod\u00edan calificar el color del busardo en una escala de siete puntos, de claro a oscuro. El equipo tambi\u00e9n clasific\u00f3 el color de miles de fotograf\u00edas de busardos aportadas por el p\u00fablico a plataformas naturales en l\u00ednea como iNaturalist, Observation.org y Ornitho.it, compilando un conjunto de datos de casi 100.000 observaciones que abarcan m\u00e1s de dos d\u00e9cadas, hasta principios del milenio. El equipo compar\u00f3 los avistamientos con datos satelitales sobre clima, vegetaci\u00f3n y suelo, y construy\u00f3 modelos estad\u00edsticos y espaciales para interpretar los resultados.<\/p>\n\n\n\n<p>Fundamentalmente, este enfoque permiti\u00f3 a los investigadores rastrear la evoluci\u00f3n de la coloraci\u00f3n a lo largo del tiempo. Estudios locales previos hab\u00edan demostrado que los busardos ratoneros de color intermedio tienden a estar en mejor forma f\u00edsica, a sobrevivir mejor y a tener m\u00e1s cr\u00edas que las aves de ambos extremos de color. El an\u00e1lisis de los datos a nivel europeo refleja estos hallazgos. En 2022, los busardos ratoneros de colores intermedios constitu\u00edan una proporci\u00f3n significativamente mayor de la poblaci\u00f3n europea que en 2000, mientras que las proporciones de aves oscuras y claras se redujeron en un 22% y un 14% respectivamente, lo que demuestra que la variedad que inspir\u00f3 el nombre franc\u00e9s del ave ha estado desapareciendo.<\/p>\n\n\n\n<p>&#8220;Encontramos algunos v\u00ednculos entre los cambios ambientales, como la p\u00e9rdida de la cubierta forestal, pero estos explicaron s\u00f3lo parte del panorama&#8221;, dijo Bart Kempenaers, quien dirige el Departamento de Ornitolog\u00eda del Instituto Max Planck de Inteligencia Biol\u00f3gica.<\/p>\n\n\n\n<p>Si esta&nbsp;<a href=\"https:\/\/phys.org\/news\/2022-08-museum-bees-increasingly-stressed-climate.html?utm_source=embeddings&amp;utm_medium=related&amp;utm_campaign=internal\">p\u00e9rdida de diversidad de color<\/a>&nbsp;tambi\u00e9n refleja una p\u00e9rdida de variaci\u00f3n gen\u00e9tica subyacente, podr\u00eda comprometer la capacidad de la especie para adaptarse a futuros cambios ambientales. Desentra\u00f1ar los factores hist\u00f3ricos, gen\u00e9ticos y ambientales que explican la p\u00e9rdida de diversidad de color y c\u00f3mo la coloraci\u00f3n afecta la adaptaci\u00f3n debe ser ahora una prioridad, ya que la gen\u00f3mica y los espec\u00edmenes de museo ofrecen oportunidades para explorar tanto la historia profunda de la especie como las consecuencias gen\u00e9ticas de la p\u00e9rdida de diversidad que observamos hoy.<\/p>\n\n\n\n<p>&#8220;Lo que m\u00e1s me entusiasma es lo que la ciencia ciudadana hace posible: una magn\u00edfica colaboraci\u00f3n que nos ha permitido explorar cuestiones que de otro modo estar\u00edan fuera de nuestro alcance&#8221;.<\/p>\n\n\n\n<p>Fuente: <a href=\"https:\/\/phys.org\/news\/2026-03-europe-buzzards-diversity-citizen-science.html\">Phys.org<\/a>.<\/p>\n","protected":false},"excerpt":{"rendered":"<p>Como su nombre indica, el ratonero com\u00fan es una de las aves rapaces m\u00e1s conocidas de Europa. A menudo se le ve posado en postes de cercas buscando ratones y gusanos, o realizando espectaculares descensos en picado sobre los campos para atraer parejas. En franc\u00e9s, su nombre es igualmente revelador: buse variable, o &#8220;busardo ratonero [&hellip;]<\/p>\n","protected":false},"author":1,"featured_media":95016,"comment_status":"open","ping_status":"open","sticky":false,"template":"","format":"standard","meta":{"footnotes":""},"categories":[9],"tags":[],"class_list":["post-95010","post","type-post","status-publish","format-standard","has-post-thumbnail","hentry","category-biologia"],"_links":{"self":[{"href":"https:\/\/einsteresante.com\/index.php\/wp-json\/wp\/v2\/posts\/95010","targetHints":{"allow":["GET"]}}],"collection":[{"href":"https:\/\/einsteresante.com\/index.php\/wp-json\/wp\/v2\/posts"}],"about":[{"href":"https:\/\/einsteresante.com\/index.php\/wp-json\/wp\/v2\/types\/post"}],"author":[{"embeddable":true,"href":"https:\/\/einsteresante.com\/index.php\/wp-json\/wp\/v2\/users\/1"}],"replies":[{"embeddable":true,"href":"https:\/\/einsteresante.com\/index.php\/wp-json\/wp\/v2\/comments?post=95010"}],"version-history":[{"count":3,"href":"https:\/\/einsteresante.com\/index.php\/wp-json\/wp\/v2\/posts\/95010\/revisions"}],"predecessor-version":[{"id":95015,"href":"https:\/\/einsteresante.com\/index.php\/wp-json\/wp\/v2\/posts\/95010\/revisions\/95015"}],"wp:featuredmedia":[{"embeddable":true,"href":"https:\/\/einsteresante.com\/index.php\/wp-json\/wp\/v2\/media\/95016"}],"wp:attachment":[{"href":"https:\/\/einsteresante.com\/index.php\/wp-json\/wp\/v2\/media?parent=95010"}],"wp:term":[{"taxonomy":"category","embeddable":true,"href":"https:\/\/einsteresante.com\/index.php\/wp-json\/wp\/v2\/categories?post=95010"},{"taxonomy":"post_tag","embeddable":true,"href":"https:\/\/einsteresante.com\/index.php\/wp-json\/wp\/v2\/tags?post=95010"}],"curies":[{"name":"wp","href":"https:\/\/api.w.org\/{rel}","templated":true}]}}