{"id":9714,"date":"2021-07-29T21:13:02","date_gmt":"2021-07-30T02:13:02","guid":{"rendered":"https:\/\/einsteresante.com\/?p=9714"},"modified":"2021-07-29T21:13:03","modified_gmt":"2021-07-30T02:13:03","slug":"los-casos-de-demencia-se-triplicarian-en-2050-por-el-aumento-de-la-edad-promedio","status":"publish","type":"post","link":"https:\/\/einsteresante.com\/index.php\/2021\/07\/29\/los-casos-de-demencia-se-triplicarian-en-2050-por-el-aumento-de-la-edad-promedio\/","title":{"rendered":"Los casos de demencia se triplicar\u00edan en 2050 por el aumento de la edad promedio"},"content":{"rendered":"\n<p>Aunque una mejor educaci\u00f3n y acceso a los servicios de salud en los pa\u00edses desarrollados ha reducido y seguir\u00e1 reduciendo la incidencia de la demencia, el n\u00famero de personas que la padecen en todo el mundo se triplicar\u00e1 para 2050, seg\u00fan nuevas estimaciones. Una nueva investigaci\u00f3n de Health Metrics and Evaluation de la Facultad de Medicina de la Universidad de Washington estima que la incidencia de la demencia en todo el mundo se triplicar\u00e1 para 2050, y la mayor\u00eda de los casos nuevos se concentrar\u00e1n en \u00c1frica subsahariana, \u00c1frica del Norte y Oriente Medio. El tabaquismo, el \u00edndice de masa corporal alto y el nivel alto de az\u00facar en sangre ser\u00e1n las principales causas de este aumento, explica, mientras que la mejora de las condiciones de vida en los pa\u00edses desarrollados reducir\u00e1 la incidencia general en estas \u00e1reas. En total, los casos de demencia para 2050 llegar\u00edan a m\u00e1s de 152 millones en todo el mundo, seg\u00fan las estimaciones.<\/p>\n\n\n\n<p><strong>Tendencias globales<br><\/strong>\u201cLas mejoras en el estilo de vida de los adultos en los pa\u00edses desarrollados y otros lugares, incluido un mayor acceso a la educaci\u00f3n y una mayor atenci\u00f3n a los problemas de salud card\u00edaca, han reducido la incidencia en los \u00faltimos a\u00f1os, pero el n\u00famero total de personas con demencia sigue aumentando debido al envejecimiento de la poblaci\u00f3n. \u201dDijo Mar\u00eda C. Carrillo, Ph.D., directora cient\u00edfica de la Asociaci\u00f3n de Alzheimer. &#8220;Adem\u00e1s, la obesidad, la diabetes y los estilos de vida sedentarios en las personas m\u00e1s j\u00f3venes est\u00e1n aumentando r\u00e1pidamente, y estos son factores de riesgo para la demencia&#8221;.<\/p>\n\n\n\n<p>En la actualidad, aproximadamente 1 de cada 10,000 personas en todo el mundo desarrolla demencia de inicio temprano, que es una demencia que se presenta antes de los 65 a\u00f1os. Esto corresponde a aproximadamente 350,000 casos nuevos por a\u00f1o en todo el mundo. Pero sus efectos no se distribuyen de manera uniforme: incluso en pa\u00edses como Estados Unidos, la tasa de mortalidad por Alzheimer (la principal causa de demencia) es m\u00e1s alta en las \u00e1reas rurales en comparaci\u00f3n con los centros urbanos m\u00e1s ricos y desarrollados.<\/p>\n\n\n\n<p>Pero no es un problema exclusivo de EE. UU. Para estimar las tendencias futuras en la aparici\u00f3n de la demencia pa\u00eds por pa\u00eds, el equipo utiliz\u00f3 datos de 1999 a 2019 del estudio Global Burden of Disease (GBD), que estimaba las tendencias de salud en todo el mundo y ten\u00eda como objetivo, en parte, mejorar previsiones anteriores mediante la incorporaci\u00f3n de informaci\u00f3n sobre tendencias en los factores de riesgo de demencia.<\/p>\n\n\n\n<p>Seg\u00fan ellos, los casos de demencia aumentar\u00e1n de un estimado de 57,4 (50,4 a 65,1) millones de casos a nivel mundial en 2019 a un estimado de 152,8 (130,8 a 175,6) millones de casos en 2050. \u00c1frica subsahariana, norte de \u00c1frica y Oriente Medio probablemente ver los mayores aumentos. Sin embargo, en general, la mayor\u00eda de estos nuevos casos se reducir\u00e1n al crecimiento de la poblaci\u00f3n y a una edad promedio general m\u00e1s alta. Los factores del estilo de vida como el tabaquismo, el \u00edndice de masa corporal (IMC) alto y el nivel alto de az\u00facar en la sangre tambi\u00e9n aumentar\u00e1n la prevalencia de la demencia, en una suma estimada de 6,8 millones de casos en todo el mundo para 2050. Sin embargo, las mejoras en los niveles de educaci\u00f3n, la calidad de la atenci\u00f3n m\u00e9dica y el acceso a la atenci\u00f3n m\u00e9dica en su mayor\u00eda los cancelar\u00e1, eliminando un estimado de 6.2 millones de casos posibles.<\/p>\n\n\n\n<p>\u201cEstas estimaciones permitir\u00e1n a los encargados de formular pol\u00edticas y tomar decisiones comprender mejor los aumentos esperados en el n\u00famero de personas con demencia, as\u00ed como las causas de estos aumentos en un entorno geogr\u00e1fico determinado\u201d, dijo Nichols. &#8220;El gran aumento previsto en el n\u00famero de personas con demencia enfatiza la necesidad vital de investigaci\u00f3n centrada en el descubrimiento de tratamientos modificadores de la enfermedad e intervenciones efectivas de bajo costo para la prevenci\u00f3n o el retraso de la aparici\u00f3n de la demencia&#8221;.<\/p>\n\n\n\n<p>&#8220;Sin tratamientos efectivos para detener, retrasar o prevenir el Alzheimer y toda la demencia, este n\u00famero crecer\u00e1 m\u00e1s all\u00e1 de 2050 y seguir\u00e1 afectando a las personas, los cuidadores, los sistemas de salud y los gobiernos a nivel mundial&#8221;, dijo Maria C. Carrillo, Ph.D., jefa oficial cient\u00edfica de la Asociaci\u00f3n de Alzheimer. \u201cAdem\u00e1s de la terap\u00e9utica, es fundamental descubrir intervenciones adaptadas a la cultura que reducen el riesgo de demencia a trav\u00e9s de factores de estilo de vida como la educaci\u00f3n, la dieta y el ejercicio\u201d.<\/p>\n\n\n\n<p>Con el aumento de la esperanza de vida en todo el mundo, la influencia de la educaci\u00f3n y la atenci\u00f3n m\u00e9dica en la incidencia del Alzheimer y la demencia se vuelve cada vez m\u00e1s poderosa. El equipo informa que existe una &#8220;creciente discrepancia en la mortalidad por Alzheimer&#8221; entre las \u00e1reas urbanas y rurales de los EE. UU. y, muy probablemente, en otras \u00e1reas del mundo. El nivel socioecon\u00f3mico m\u00e1s bajo, los niveles promedio m\u00e1s altos de enfermedades cr\u00f3nicas, la disponibilidad limitada de servicios de Internet y el menor acceso a los servicios de salud (incluida la atenci\u00f3n primaria) explican la mayor parte de esta diferencia, explica el equipo. Podemos deducir de aqu\u00ed que tambi\u00e9n existe una disparidad en la incidencia entre los pa\u00edses desarrollados y en desarrollo por causas similares, si no las mismas.<\/p>\n\n\n\n<p>El art\u00edculo <em>Estimaci\u00f3n de la mortalidad global por la enfermedad de Alzheimer y otras demencias: un nuevo m\u00e9todo y resultados del estudio Global Burden of Disease 2019<\/em> se ha publicado en la revista <a href=\"https:\/\/alz-journals.onlinelibrary.wiley.com\/doi\/10.1002\/alz.042236\">Alzheimer&#8217;s &amp; Dementia<\/a>.<\/p>\n\n\n\n<p>Fuente: <a href=\"https:\/\/www.zmescience.com\/science\/dementia-cases-triple-2050-8357253\/\">ZME Science<\/a>.<\/p>\n","protected":false},"excerpt":{"rendered":"<p>Aunque una mejor educaci\u00f3n y acceso a los servicios de salud en los pa\u00edses desarrollados ha reducido y seguir\u00e1 reduciendo la incidencia de la demencia, el n\u00famero de personas que la padecen en todo el mundo se triplicar\u00e1 para 2050, seg\u00fan nuevas estimaciones. Una nueva investigaci\u00f3n de Health Metrics and Evaluation de la Facultad de [&hellip;]<\/p>\n","protected":false},"author":1,"featured_media":0,"comment_status":"open","ping_status":"open","sticky":false,"template":"","format":"standard","meta":{"footnotes":""},"categories":[7],"tags":[],"class_list":["post-9714","post","type-post","status-publish","format-standard","hentry","category-salud-y-medicina"],"_links":{"self":[{"href":"https:\/\/einsteresante.com\/index.php\/wp-json\/wp\/v2\/posts\/9714","targetHints":{"allow":["GET"]}}],"collection":[{"href":"https:\/\/einsteresante.com\/index.php\/wp-json\/wp\/v2\/posts"}],"about":[{"href":"https:\/\/einsteresante.com\/index.php\/wp-json\/wp\/v2\/types\/post"}],"author":[{"embeddable":true,"href":"https:\/\/einsteresante.com\/index.php\/wp-json\/wp\/v2\/users\/1"}],"replies":[{"embeddable":true,"href":"https:\/\/einsteresante.com\/index.php\/wp-json\/wp\/v2\/comments?post=9714"}],"version-history":[{"count":9,"href":"https:\/\/einsteresante.com\/index.php\/wp-json\/wp\/v2\/posts\/9714\/revisions"}],"predecessor-version":[{"id":9723,"href":"https:\/\/einsteresante.com\/index.php\/wp-json\/wp\/v2\/posts\/9714\/revisions\/9723"}],"wp:attachment":[{"href":"https:\/\/einsteresante.com\/index.php\/wp-json\/wp\/v2\/media?parent=9714"}],"wp:term":[{"taxonomy":"category","embeddable":true,"href":"https:\/\/einsteresante.com\/index.php\/wp-json\/wp\/v2\/categories?post=9714"},{"taxonomy":"post_tag","embeddable":true,"href":"https:\/\/einsteresante.com\/index.php\/wp-json\/wp\/v2\/tags?post=9714"}],"curies":[{"name":"wp","href":"https:\/\/api.w.org\/{rel}","templated":true}]}}