{"id":97900,"date":"2026-04-28T16:19:41","date_gmt":"2026-04-28T21:19:41","guid":{"rendered":"https:\/\/einsteresante.com\/?p=97900"},"modified":"2026-04-28T16:19:42","modified_gmt":"2026-04-28T21:19:42","slug":"escaneres-cerebrales-revelan-algo-sorprendente-sobre-la-inteligencia-neandertal","status":"publish","type":"post","link":"https:\/\/einsteresante.com\/index.php\/2026\/04\/28\/escaneres-cerebrales-revelan-algo-sorprendente-sobre-la-inteligencia-neandertal\/","title":{"rendered":"Esc\u00e1neres cerebrales revelan algo sorprendente sobre la inteligencia neandertal"},"content":{"rendered":"\n<p>En 1857, el anatomista alem\u00e1n Hermann Schaaffhausen&nbsp;<a href=\"https:\/\/en.wikisource.org\/wiki\/Natural_History_Review\/Series_2\/Volume_1\/Number_2\/On_the_Crania_of_the_Most_Ancient_Races_of_Man\">analiz\u00f3<\/a>&nbsp;un f\u00f3sil humano con &#8220;una forma extraordinaria&#8221; que nunca antes hab\u00eda visto, ni en las &#8220;razas europeas existentes&#8221;, escribi\u00f3, ni &#8220;en las razas m\u00e1s b\u00e1rbaras&#8221;.<\/p>\n\n\n\n<p>El curioso cr\u00e1neo hab\u00eda sido\u00a0<a href=\"https:\/\/www.lindahall.org\/about\/news\/scientist-of-the-day\/hermann-schaaffhausen\/\">desenterrado<\/a>\u00a0el a\u00f1o anterior, justo al este de D\u00fcsseldorf, en\u00a0<a href=\"https:\/\/en.wikipedia.org\/wiki\/Neandertal_(valley)\">el valle de Neander<\/a>, en Alemania. Los restos ser\u00edan conocidos como los\u00a0<a href=\"https:\/\/humanorigins.si.edu\/evidence\/human-fossils\/fossils\/feldhofer\">primeros neandertales<\/a>\u00a0del mundo, y desde el principio, Schaaffhausen\u00a0<a href=\"https:\/\/en.wikisource.org\/wiki\/Natural_History_Review\/Series_2\/Volume_1\/Number_2\/On_the_Crania_of_the_Most_Ancient_Races_of_Man\" target=\"_blank\" rel=\"noreferrer noopener\">decidi\u00f3<\/a>\u00a0que el cr\u00e1neo se encontraba en una &#8220;etapa baja de desarrollo&#8221;.<\/p>\n\n\n\n<p>Durante m\u00e1s de un siglo, ese estigma ha persistido. Incluso hoy en d\u00eda, una hip\u00f3tesis com\u00fanmente aceptada es que\u00a0<a href=\"https:\/\/www.sciencealert.com\/modern-humans-thrived-while-neanderthals-disappeared-but-not-due-to-our-brains\">los humanos sobrevivimos a los neandertales<\/a>\u00a0gracias a nuestra mayor capacidad cerebral. Un equipo internacional de antrop\u00f3logos ha encontrado ahora pruebas de lo contrario.<\/p>\n\n\n\n<p>Han comparado esc\u00e1neres cerebrales de dos poblaciones en Estados Unidos y China para demostrar que las diferencias de volumen regional en los humanos modernos son mayores que las que existen entre\u00a0<a href=\"https:\/\/www.sciencealert.com\/neanderthals\">los neandertales<\/a>\u00a0y nosotros. Las diferencias de volumen que separan los cerebros de\u00a0<a href=\"https:\/\/www.sciencealert.com\/neanderthals\">los neandertales<\/a>\u00a0de los humanos modernos son extremadamente peque\u00f1as.<\/p>\n\n\n\n<p>&#8220;Si se considera que las diferencias neandertales son relevantes desde el punto de vista cognitivo y evolutivo, entonces las diferencias neuroanat\u00f3micas similares que se encuentran com\u00fanmente entre las poblaciones humanas modernas tambi\u00e9n deber\u00edan considerarse relevantes desde el punto de vista cognitivo y evolutivo&#8221;,\u00a0<a href=\"https:\/\/doi.org\/10.1073\/pnas.2426638123\">se\u00f1alan<\/a>\u00a0los autores.<\/p>\n\n\n\n<p>Sin embargo, la capacidad cognitiva est\u00e1 muy poco relacionada con la anatom\u00eda cerebral en los humanos modernos, si es que existe alguna relaci\u00f3n, explican los investigadores tras revisar la bibliograf\u00eda existente.<\/p>\n\n\n\n<p>&#8220;Si rechazamos la idea de que estas poblaciones humanas modernas son cognitivamente diferentes de una manera evolutivamente significativa, entonces se socavar\u00eda cualquier argumento de que las diferencias neandertales deban considerarse como tales&#8221;,\u00a0<a href=\"https:\/\/doi.org\/10.1073\/pnas.2426638123\">concluyen<\/a>.<\/p>\n\n\n\n<p>Cuando Schaaffhausen public\u00f3 por primera vez su opini\u00f3n sobre el cr\u00e1neo neandertal a mediados del siglo XIX, hab\u00eda pocas pruebas que sugirieran que la humanidad tuviera\u00a0m\u00e1s de 6.000 a\u00f1os de\u00a0<a href=\"https:\/\/www.lindahall.org\/about\/news\/scientist-of-the-day\/hermann-schaaffhausen\/\">antig\u00fcedad<\/a>. Es m\u00e1s, pasar\u00edan dos a\u00f1os m\u00e1s antes de que Charles Darwin publicara su libro fundamental,\u00a0<em>El origen de las especies<\/em>, en el que comparti\u00f3 su teor\u00eda de la evoluci\u00f3n con la comunidad cient\u00edfica en general.<\/p>\n\n\n\n<p>Las premisas iniciales de Schaaffhausen y sus colegas est\u00e1n claramente desactualizadas. En los \u00faltimos a\u00f1os, los cient\u00edficos han encontrado\u00a0<a href=\"https:\/\/www.sciencealert.com\/modern-humans-thrived-while-neanderthals-disappeared-but-not-due-to-our-brains\">pruebas<\/a>\u00a0de que, si bien los humanos modernos prosperaron y los neandertales se extinguieron, esto no se debi\u00f3 necesariamente a nuestros cerebros. Cada vez hay m\u00e1s pruebas arqueol\u00f3gicas que demuestran que los neandertales eran m\u00e1s inteligentes de lo que cre\u00edamos, a pesar de que la forma y el tama\u00f1o de sus cerebros\u00a0<a href=\"https:\/\/www.sciencealert.com\/scientists-have-found-evidence-that-human-brains-develop-more-slowly-than-neanderthals-did\">difer\u00edan de los nuestros<\/a>.<\/p>\n\n\n\n<p>Existen indicios convincentes de que estos humanos antiguos\u00a0<a href=\"https:\/\/www.sciencealert.com\/some-neanderthals-swam-and-dove-for-shells-to-use-as-tools-research-suggests\">nadaban en busca de conchas en el fondo del oc\u00e9ano<\/a>,\u00a0<a href=\"https:\/\/www.sciencealert.com\/archaeologists-discover-earliest-evidence-of-humans-using-tools-to-make-fire\">utilizaban herramientas para hacer fuego<\/a>,\u00a0<a href=\"https:\/\/www.sciencealert.com\/neanderthals-used-ancient-gloop-as-antibacterial-medicine-study-suggests\">elaboraban medicamentos antibacterianos<\/a>,\u00a0<a href=\"https:\/\/www.sciencealert.com\/neanderthals-may-have-been-the-first-to-carefully-concoct-this-substance\">pegamento o sustancias repelentes al agua<\/a>,\u00a0<a href=\"https:\/\/www.sciencealert.com\/researchers-discover-the-oldest-handmade-string-and-it-wasn-t-made-by-humans\">confeccionaban su propia ropa<\/a>\u00a0e incluso\u00a0<a href=\"https:\/\/www.sciencealert.com\/the-oldest-styles-of-art-were-creative-abstracts-and-probably-not-made-by-us\">creaban arte abstracto<\/a>.<\/p>\n\n\n\n<figure class=\"wp-block-image size-full\"><img loading=\"lazy\" decoding=\"async\" width=\"600\" height=\"243\" src=\"https:\/\/einsteresante.com\/wp-content\/uploads\/2026\/04\/image-116.png\" alt=\"\" class=\"wp-image-97902\" srcset=\"https:\/\/einsteresante.com\/wp-content\/uploads\/2026\/04\/image-116.png 600w, https:\/\/einsteresante.com\/wp-content\/uploads\/2026\/04\/image-116-300x122.png 300w\" sizes=\"auto, (max-width: 600px) 100vw, 600px\" \/><figcaption class=\"wp-element-caption\">Un cr\u00e1neo humano (izquierda) y un cr\u00e1neo neandertal (derecha). hairymuseummatt\/DrMikeBaxter\/Wikimedia Commons\/CC BY-SA 2.0\/Canva Pro.<\/figcaption><\/figure>\n\n\n\n<p>Con frecuencia, los neandertales practicaban estas costumbres\u00a0<a href=\"https:\/\/www.sciencealert.com\/the-worlds-oldest-known-cave-art-wasnt-made-by-our-species\">mucho antes que<\/a>\u00a0los humanos modernos. Algunas\u00a0<a href=\"https:\/\/www.sciencealert.com\/momentous-discovery-shows-neanderthals-could-produce-human-like-speech\">evidencias<\/a>\u00a0extra\u00eddas de sus cr\u00e1neos incluso sugieren que los neandertales eran capaces de un habla similar a la humana, aunque es muy dif\u00edcil deducir esto a partir de unos pocos huesos muy antiguos que alguna vez rodearon la oreja.<\/p>\n\n\n\n<p>&#8220;Las especulaciones sobre la cognici\u00f3n de los neandertales, basadas en investigaciones arqueol\u00f3gicas y paleoneurol\u00f3gicas, han llegado con frecuencia a la conclusi\u00f3n de que probablemente ten\u00edan dificultades cognitivas&#8221;,&nbsp;<a href=\"https:\/\/doi.org\/10.1073\/pnas.2426638123\">escriben<\/a>&nbsp;los autores del reciente an\u00e1lisis cerebral.<\/p>\n\n\n\n<p>&#8220;Situar las diferencias estimadas entre los neandertales en el contexto de la variaci\u00f3n humana moderna no respalda esta opini\u00f3n&#8221;.<\/p>\n\n\n\n<p>Adem\u00e1s, conviene recordar que los cr\u00e1neos de neandertales s\u00f3lo nos pueden revelar una parte de la complejidad del \u00f3rgano que albergaban. Incluso los huesos pueden interpretarse err\u00f3neamente.<\/p>\n\n\n\n<p>En los \u00faltimos a\u00f1os, algunos cient\u00edficos han puesto en tela de juicio la idea de que los neandertales fueran cavern\u00edcolas\u00a0<a href=\"https:\/\/www.sciencealert.com\/neanderthals-may-have-stood-straighter-breathed-deeper-modern-humans\">encorvados y brutales<\/a>\u00a0que se parec\u00edan m\u00e1s a los simios que a los humanos. Seg\u00fan an\u00e1lisis recientes de sus cajas tor\u00e1cicas y caderas, su postura era\u00a0<a href=\"https:\/\/www.sciencealert.com\/a-major-difference-between-neanderthals-and-humans-has-been-quashed\">bastante erguida<\/a>\u00a0y, al menos en algunos casos, parec\u00edan tener pechos de tama\u00f1o similar.<\/p>\n\n\n\n<p>Hoy en d\u00eda, algunos cient\u00edficos\u00a0<a href=\"https:\/\/www.sciencealert.com\/neanderthals-may-never-have-truly-gone-extinct-study-reveals\">plantean la hip\u00f3tesis<\/a>\u00a0de que los neandertales nunca se extinguieron realmente, al menos no en el sentido gen\u00e9tico. En cambio, es posible que estuvieran lo suficientemente emparentados con los humanos modernos como para ser\u00a0<a href=\"https:\/\/www.sciencealert.com\/archaic-humans-might-actually-be-the-same-species-as-us-study-suggests\">considerados la misma especie<\/a>.<\/p>\n\n\n\n<p>Sin duda, parece que nos hemos\u00a0<a href=\"https:\/\/www.sciencealert.com\/humans-and-neanderthals-had-a-longer-more-intertwined-relationship-than-we-thought\">reproducido<\/a>\u00a0entre nosotros durante miles de a\u00f1os. Es posible que nuestros &#8220;primos&#8221; simplemente se hayan integrado en nuestro propio linaje. De ah\u00ed que muchos de nosotros a\u00fan conservemos\u00a0<a href=\"https:\/\/www.sciencealert.com\/being-part-neanderthal-might-make-a-difference-in-how-medications-treat-some-illnesses\">genes neandertales<\/a>.<\/p>\n\n\n\n<p>Si seguimos asumiendo que los neandertales eran torpes y lentos, incapaces de hablar o de tener pensamiento abstracto, s\u00f3lo estaremos subestimando a nuestros propios antepasados. En muchos sentidos, somos iguales.<\/p>\n\n\n\n<p>El estudio fue publicado en\u00a0<a href=\"https:\/\/doi.org\/10.1073\/pnas.2426638123\">PNAS<\/a>.<\/p>\n\n\n\n<p>Fuente: <a href=\"https:\/\/www.sciencealert.com\/brain-scans-reveal-a-surprise-about-neanderthal-intelligence\">Science Alert<\/a>.<\/p>\n","protected":false},"excerpt":{"rendered":"<p>En 1857, el anatomista alem\u00e1n Hermann Schaaffhausen&nbsp;analiz\u00f3&nbsp;un f\u00f3sil humano con &#8220;una forma extraordinaria&#8221; que nunca antes hab\u00eda visto, ni en las &#8220;razas europeas existentes&#8221;, escribi\u00f3, ni &#8220;en las razas m\u00e1s b\u00e1rbaras&#8221;. El curioso cr\u00e1neo hab\u00eda sido\u00a0desenterrado\u00a0el a\u00f1o anterior, justo al este de D\u00fcsseldorf, en\u00a0el valle de Neander, en Alemania. Los restos ser\u00edan conocidos como los\u00a0primeros [&hellip;]<\/p>\n","protected":false},"author":1,"featured_media":97905,"comment_status":"open","ping_status":"open","sticky":false,"template":"","format":"standard","meta":{"footnotes":""},"categories":[9],"tags":[],"class_list":["post-97900","post","type-post","status-publish","format-standard","has-post-thumbnail","hentry","category-biologia"],"_links":{"self":[{"href":"https:\/\/einsteresante.com\/index.php\/wp-json\/wp\/v2\/posts\/97900","targetHints":{"allow":["GET"]}}],"collection":[{"href":"https:\/\/einsteresante.com\/index.php\/wp-json\/wp\/v2\/posts"}],"about":[{"href":"https:\/\/einsteresante.com\/index.php\/wp-json\/wp\/v2\/types\/post"}],"author":[{"embeddable":true,"href":"https:\/\/einsteresante.com\/index.php\/wp-json\/wp\/v2\/users\/1"}],"replies":[{"embeddable":true,"href":"https:\/\/einsteresante.com\/index.php\/wp-json\/wp\/v2\/comments?post=97900"}],"version-history":[{"count":4,"href":"https:\/\/einsteresante.com\/index.php\/wp-json\/wp\/v2\/posts\/97900\/revisions"}],"predecessor-version":[{"id":97906,"href":"https:\/\/einsteresante.com\/index.php\/wp-json\/wp\/v2\/posts\/97900\/revisions\/97906"}],"wp:featuredmedia":[{"embeddable":true,"href":"https:\/\/einsteresante.com\/index.php\/wp-json\/wp\/v2\/media\/97905"}],"wp:attachment":[{"href":"https:\/\/einsteresante.com\/index.php\/wp-json\/wp\/v2\/media?parent=97900"}],"wp:term":[{"taxonomy":"category","embeddable":true,"href":"https:\/\/einsteresante.com\/index.php\/wp-json\/wp\/v2\/categories?post=97900"},{"taxonomy":"post_tag","embeddable":true,"href":"https:\/\/einsteresante.com\/index.php\/wp-json\/wp\/v2\/tags?post=97900"}],"curies":[{"name":"wp","href":"https:\/\/api.w.org\/{rel}","templated":true}]}}