{"id":97937,"date":"2026-04-29T19:04:16","date_gmt":"2026-04-30T00:04:16","guid":{"rendered":"https:\/\/einsteresante.com\/?p=97937"},"modified":"2026-04-29T19:04:19","modified_gmt":"2026-04-30T00:04:19","slug":"los-alimentos-ultraprocesados-podrian-afectar-tu-capacidad-de-concentracion","status":"publish","type":"post","link":"https:\/\/einsteresante.com\/index.php\/2026\/04\/29\/los-alimentos-ultraprocesados-podrian-afectar-tu-capacidad-de-concentracion\/","title":{"rendered":"Los alimentos ultraprocesados podr\u00edan afectar tu capacidad de concentraci\u00f3n"},"content":{"rendered":"\n<p>Los alimentos ultraprocesados \u200b\u200bson\u00a0<a href=\"https:\/\/www.sciencealert.com\/experts-call-for-urgent-action-as-ultra-processed-foods-replace-global-diets\">omnipresentes<\/a>\u00a0en las dietas occidentales, y nuevas investigaciones han relacionado estas comidas, bebidas y aperitivos producidos industrialmente con una peor salud cerebral. En concreto, el estudio explor\u00f3 la correlaci\u00f3n entre la atenci\u00f3n, el riesgo de demencia y la proporci\u00f3n de alimentos ultraprocesados \u200b\u200ben la dieta de m\u00e1s de 2.000 australianos de entre 40 y 70 a\u00f1os sin demencia.<\/p>\n\n\n\n<p>La bioqu\u00edmica nutricional Barbara Cardoso, de la Universidad de Monash en Australia, dirigi\u00f3 el an\u00e1lisis de los datos de una encuesta realizada a 2.192 participantes (en su mayor\u00eda mujeres blancas), que completaron un cuestionario sobre alimentaci\u00f3n y cuatro pruebas de funci\u00f3n cognitiva para evaluar la atenci\u00f3n y la memoria. Los participantes tambi\u00e9n proporcionaron datos demogr\u00e1ficos, niveles de actividad f\u00edsica y otros detalles sobre su salud, lo que permiti\u00f3 a los investigadores calcular su riesgo de demencia con\u00a0<a href=\"https:\/\/doi.org\/10.1016\/S1474-4422(06)70537-3\" target=\"_blank\" rel=\"noreferrer noopener\">una herramienta ya establecida<\/a>\u00a0para predecir la probabilidad de un diagn\u00f3stico en un plazo de 20 a\u00f1os entre personas de mediana edad.<\/p>\n\n\n\n<p>Si bien un estudio observacional como este no puede determinar si existe alguna relaci\u00f3n causal entre los alimentos ultraprocesados \u200b\u200by la salud cerebral, s\u00ed revel\u00f3 patrones entre ambos que podr\u00edan investigarse m\u00e1s a fondo. En el conjunto del grupo, los alimentos ultraprocesados \u200b\u200brepresentaron aproximadamente el 41% de la ingesta energ\u00e9tica total, aunque esta proporci\u00f3n fue significativamente mayor entre\u00a0<a href=\"https:\/\/www.sciencealert.com\/ultra-processed-foods-make-up-two-thirds-of-calories-for-young-people-in-the-us\">los participantes m\u00e1s j\u00f3venes<\/a>\u00a0y los hombres.<\/p>\n\n\n\n<p>Por cada aumento del 10% en el consumo de alimentos ultraprocesados, se observ\u00f3 una disminuci\u00f3n clara y cuantificable de aproximadamente 0,05 puntos en la capacidad de concentraci\u00f3n. Un mayor consumo de alimentos ultraprocesados \u200b\u200btambi\u00e9n se asoci\u00f3 con un mayor riesgo de demencia, sumando aproximadamente 0,24 puntos a la puntuaci\u00f3n por cada aumento del 10%.<\/p>\n\n\n\n<p>&#8220;Para poner nuestros hallazgos en perspectiva, un aumento del 10% en los alimentos ultraprocesados \u200b\u200bequivale aproximadamente a a\u00f1adir un paquete est\u00e1ndar de patatas fritas a la dieta diaria&#8221;,\u00a0<a href=\"https:\/\/www.monash.edu\/news\/articles\/ultra-processed-foods-damage-your-focus-even-if-you-eat-healthy\">dice<\/a>\u00a0Cardoso.<\/p>\n\n\n\n<p>&#8220;En t\u00e9rminos cl\u00ednicos, esto se tradujo en puntuaciones sistem\u00e1ticamente m\u00e1s bajas en las pruebas cognitivas estandarizadas que miden la atenci\u00f3n visual y la velocidad de procesamiento&#8221;.<\/p>\n\n\n\n<p>El estudio tambi\u00e9n revel\u00f3 otros factores asociados con un mayor consumo de alimentos ultraprocesados: menor nivel educativo,&nbsp;<a href=\"https:\/\/www.sciencealert.com\/just-5-days-of-junk-food-can-trigger-obesitys-hold-on-your-brain\">obesidad<\/a>&nbsp;y menor adherencia a la dieta mediterr\u00e1nea. No se encontr\u00f3 correlaci\u00f3n entre el consumo de alimentos ultraprocesados \u200b\u200by las puntuaciones de memoria.<\/p>\n\n\n\n<p>Sin embargo, seguir una dieta &#8220;saludable&#8221; como la mediterr\u00e1nea, que\u00a0<a href=\"https:\/\/www.sciencealert.com\/this-unique-diet-could-slow-your-brain-aging-by-over-2-years-study-suggests\">estudios previos\u00a0<\/a><a href=\"https:\/\/www.sciencealert.com\/this-diet-helps-lower-dementia-risk-and-we-may-finally-know-why\">han asociado<\/a>\u00a0con\u00a0<a href=\"https:\/\/www.sciencealert.com\/12-year-study-reveals-how-the-mediterranean-diet-might-affect-your-brain\">una mejor funci\u00f3n cerebral<\/a>, no supuso mucha diferencia si los alimentos ultraprocesados \u200b\u200bsegu\u00edan formando parte de la dieta.<\/p>\n\n\n\n<figure class=\"wp-block-embed is-type-video is-provider-youtube wp-block-embed-youtube wp-embed-aspect-16-9 wp-has-aspect-ratio\"><div class=\"wp-block-embed__wrapper\">\n<iframe loading=\"lazy\" title=\"5 Ways To Identify Ultra-Processed Foods with Chris van Tulleken\" width=\"640\" height=\"360\" src=\"https:\/\/www.youtube.com\/embed\/uAVuU2xS_YA?start=2&#038;feature=oembed\" frameborder=\"0\" allow=\"accelerometer; autoplay; clipboard-write; encrypted-media; gyroscope; picture-in-picture; web-share\" referrerpolicy=\"strict-origin-when-cross-origin\" allowfullscreen><\/iframe>\n<\/div><\/figure>\n\n\n\n<p><a href=\"https:\/\/doi.org\/10.1002\/dad2.70335\">Seg\u00fan escriben<\/a>\u00a0los autores del estudio, esto podr\u00eda indicar que\u00a0<a href=\"https:\/\/www.sciencealert.com\/ultra-processed-foods-could-sabotage-weight-loss-even-on-a-healthy-diet\">el procesamiento de los alimentos en s\u00ed mismo<\/a>\u00a0podr\u00eda estar afectando la salud cognitiva, en lugar de una deficiencia de nutrientes en la dieta. Para los fines de este estudio, los alimentos ultraprocesados \u200b\u200binclu\u00edan cosas como refrescos, papas fritas, comidas preparadas, postres l\u00e1cteos y salchichas; b\u00e1sicamente, cualquier cosa que no sea un alimento fresco e &#8220;integral&#8221;. Es una categor\u00eda muy amplia, lo que dificulta determinar por qu\u00e9 existe una relaci\u00f3n entre la salud cerebral y la dieta, pero los investigadores tienen algunas teor\u00edas.<\/p>\n\n\n\n<p>&#8220;El ultraprocesamiento de los alimentos a menudo destruye la estructura natural de los mismos e introduce sustancias potencialmente da\u00f1inas, como aditivos artificiales o productos qu\u00edmicos de procesamiento&#8221;,\u00a0<a href=\"https:\/\/www.monash.edu\/news\/articles\/ultra-processed-foods-damage-your-focus-even-if-you-eat-healthy\">explica<\/a>\u00a0Cardoso.<\/p>\n\n\n\n<p>&#8220;Estos aditivos sugieren que la relaci\u00f3n entre la dieta y la funci\u00f3n cognitiva va m\u00e1s all\u00e1 de la simple omisi\u00f3n de alimentos considerados saludables, apuntando a mecanismos vinculados al grado de procesamiento de los alimentos en s\u00ed&#8221;.<\/p>\n\n\n\n<p><a href=\"https:\/\/www.sciencealert.com\/massive-review-of-ultra-processed-foods-confirms-just-how-harmful-they-are\">Los aditivos son una posible explicaci\u00f3n<\/a>, pero existen muchas otras. Por un lado, los alimentos ultraprocesados \u200b\u200btambi\u00e9n est\u00e1n relacionados con afecciones metab\u00f3licas como\u00a0<a href=\"https:\/\/www.sciencealert.com\/diabetes\">la diabetes<\/a>, la\u00a0<a href=\"https:\/\/www.sciencealert.com\/experts-call-for-urgent-action-as-ultra-processed-foods-replace-global-diets\">hipertensi\u00f3n<\/a>\u00a0y\u00a0<a href=\"https:\/\/www.sciencealert.com\/ultra-processed-foods-could-sabotage-weight-loss-even-on-a-healthy-diet\">la obesidad<\/a>, que a su vez pueden afectar la funci\u00f3n cerebral.<\/p>\n\n\n\n<p>Por otro lado, las personas con menor capacidad de atenci\u00f3n y mayor riesgo de demencia podr\u00edan ser\u00a0<a href=\"https:\/\/www.sciencealert.com\/your-brain-makes-food-choices-before-you-even-know-what-youre-looking-at\">m\u00e1s propensas a consumir alimentos ultraprocesados<\/a>.\u00a0<a href=\"https:\/\/www.sciencealert.com\/food-swamps-scientists-explain-the-health-risks-of-living-inside-them\">El lugar de residencia<\/a>\u00a0tambi\u00e9n influye directamente en el acceso a opciones de alimentos saludables.<\/p>\n\n\n\n<p>Se necesitar\u00e1n m\u00e1s investigaciones para comprender exactamente qu\u00e9 est\u00e1 sucediendo. Aun as\u00ed, es motivo suficiente para considerar cambiar ese perrito caliente por un s\u00e1ndwich de ensalada, integral, por supuesto.<\/p>\n\n\n\n<p>La investigaci\u00f3n se public\u00f3 en la revista\u00a0<a href=\"https:\/\/doi.org\/10.1002\/dad2.70335\">Alzheimer&#8217;s and Dementia: Diagnosis, Assessment &amp; Disease Monitoring<\/a>.<\/p>\n\n\n\n<p>Fuente: <a href=\"https:\/\/www.sciencealert.com\/ultra-processed-foods-may-be-quietly-affecting-your-brains-ability-to-focus\">Science Alert<\/a>.<\/p>\n","protected":false},"excerpt":{"rendered":"<p>Los alimentos ultraprocesados \u200b\u200bson\u00a0omnipresentes\u00a0en las dietas occidentales, y nuevas investigaciones han relacionado estas comidas, bebidas y aperitivos producidos industrialmente con una peor salud cerebral. En concreto, el estudio explor\u00f3 la correlaci\u00f3n entre la atenci\u00f3n, el riesgo de demencia y la proporci\u00f3n de alimentos ultraprocesados \u200b\u200ben la dieta de m\u00e1s de 2.000 australianos de entre 40 [&hellip;]<\/p>\n","protected":false},"author":1,"featured_media":97955,"comment_status":"open","ping_status":"open","sticky":false,"template":"","format":"standard","meta":{"footnotes":""},"categories":[7],"tags":[],"class_list":["post-97937","post","type-post","status-publish","format-standard","has-post-thumbnail","hentry","category-salud-y-medicina"],"_links":{"self":[{"href":"https:\/\/einsteresante.com\/index.php\/wp-json\/wp\/v2\/posts\/97937","targetHints":{"allow":["GET"]}}],"collection":[{"href":"https:\/\/einsteresante.com\/index.php\/wp-json\/wp\/v2\/posts"}],"about":[{"href":"https:\/\/einsteresante.com\/index.php\/wp-json\/wp\/v2\/types\/post"}],"author":[{"embeddable":true,"href":"https:\/\/einsteresante.com\/index.php\/wp-json\/wp\/v2\/users\/1"}],"replies":[{"embeddable":true,"href":"https:\/\/einsteresante.com\/index.php\/wp-json\/wp\/v2\/comments?post=97937"}],"version-history":[{"count":18,"href":"https:\/\/einsteresante.com\/index.php\/wp-json\/wp\/v2\/posts\/97937\/revisions"}],"predecessor-version":[{"id":97956,"href":"https:\/\/einsteresante.com\/index.php\/wp-json\/wp\/v2\/posts\/97937\/revisions\/97956"}],"wp:featuredmedia":[{"embeddable":true,"href":"https:\/\/einsteresante.com\/index.php\/wp-json\/wp\/v2\/media\/97955"}],"wp:attachment":[{"href":"https:\/\/einsteresante.com\/index.php\/wp-json\/wp\/v2\/media?parent=97937"}],"wp:term":[{"taxonomy":"category","embeddable":true,"href":"https:\/\/einsteresante.com\/index.php\/wp-json\/wp\/v2\/categories?post=97937"},{"taxonomy":"post_tag","embeddable":true,"href":"https:\/\/einsteresante.com\/index.php\/wp-json\/wp\/v2\/tags?post=97937"}],"curies":[{"name":"wp","href":"https:\/\/api.w.org\/{rel}","templated":true}]}}