{"id":98169,"date":"2026-05-02T23:51:07","date_gmt":"2026-05-03T04:51:07","guid":{"rendered":"https:\/\/einsteresante.com\/?p=98169"},"modified":"2026-05-02T23:51:08","modified_gmt":"2026-05-03T04:51:08","slug":"el-fenomeno-de-el-nino-de-este-ano-podria-batir-records-segun-meteorologo","status":"publish","type":"post","link":"https:\/\/einsteresante.com\/index.php\/2026\/05\/02\/el-fenomeno-de-el-nino-de-este-ano-podria-batir-records-segun-meteorologo\/","title":{"rendered":"El fen\u00f3meno de El Ni\u00f1o de este a\u00f1o podr\u00eda batir r\u00e9cords, seg\u00fan meteor\u00f3logo"},"content":{"rendered":"\n<p>Nuestro planeta, que se est\u00e1 calentando, entrar\u00e1 en un\u00a0<a href=\"https:\/\/www.livescience.com\/planet-earth\/weather\/el-nino-could-be-here-by-may-new-forecast-reveals-heres-what-it-means-for-summer-weather\">per\u00edodo de El Ni\u00f1o ya en mayo<\/a>, con una alta probabilidad de que el sur de Norteam\u00e9rica experimente temperaturas extremadamente elevadas. <a href=\"https:\/\/www.livescience.com\/tag\/el-nino\">El Ni\u00f1o,<\/a>\u00a0una de las tres fases del ciclo natural de El Ni\u00f1o-Oscilaci\u00f3n del Sur (ENSO) en el oc\u00e9ano Pac\u00edfico,\u00a0ocurre cada dos a siete a\u00f1os, elevando la temperatura de la superficie del mar en todo el oc\u00e9ano Pac\u00edfico y aumentando la temperatura global. El \u00faltimo El Ni\u00f1o explica en parte por qu\u00e9\u00a0<a href=\"https:\/\/www.livescience.com\/planet-earth\/climate-change\/2024-was-the-hottest-year-on-record-and-the-first-to-breach-the-1-5-c-global-warming-limit-data-reveals\">2024 fue el a\u00f1o m\u00e1s caluroso registrado<\/a>.<\/p>\n\n\n\n<p>Las repercusiones de los fen\u00f3menos de El Ni\u00f1o del pasado han sido profundas, y algunos estudios los vinculan con la\u00a0<a href=\"https:\/\/eartharxiv.org\/repository\/view\/11201\/\" target=\"_blank\" rel=\"noreferrer noopener\">hambruna en Europa,\u00a0<\/a><a href=\"https:\/\/go.redirectingat.com\/?id=92X1590019&amp;xcust=livescience_co_9405062570940901993&amp;xs=1&amp;url=http%3A%2F%2Fwww.nature.com%2Fnews%2F2011%2F110824%2Ffull%2Fnews.2011.501.html&amp;sref=https%3A%2F%2Fwww.livescience.com\" target=\"_blank\" rel=\"noreferrer noopener\">las guerras civiles en las regiones tropicales<\/a>\u00a0y\u00a0<a href=\"https:\/\/wrrc.arizona.edu\/Impacts-of-El-Nino\" target=\"_blank\" rel=\"noreferrer noopener\">las sequ\u00edas, inundaciones e incendios forestales<\/a>\u00a0en todo el mundo. Y hay muchas probabilidades de que el fen\u00f3meno de El Ni\u00f1o de este a\u00f1o\u00a0<a href=\"https:\/\/www.livescience.com\/planet-earth\/weather\/super-el-nino-could-push-global-temperatures-to-unprecedented-highs-forecasters-say\">sea particularmente intenso<\/a>, ya que los pron\u00f3sticos actuales indican una\u00a0<a href=\"https:\/\/cpc.ncep.noaa.gov\/products\/analysis_monitoring\/enso\/roni\/strengths.php\" target=\"_blank\" rel=\"noreferrer noopener\">probabilidad del 25% de que El\u00a0<\/a><a href=\"https:\/\/www.livescience.com\/tag\/el-nino\">Ni\u00f1o\u00a0<\/a><a href=\"https:\/\/cpc.ncep.noaa.gov\/products\/analysis_monitoring\/enso\/roni\/strengths.php\" target=\"_blank\" rel=\"noreferrer noopener\">sea &#8220;muy fuerte&#8221;<\/a>\u00a0para noviembre, lo que significa que las temperaturas de la superficie del mar aumentar\u00e1n 2\u00b0C por encima del promedio.<\/p>\n\n\n\n<p>Para comprender mejor c\u00f3mo ser\u00e1 el pr\u00f3ximo fen\u00f3meno de El Ni\u00f1o y qu\u00e9 implicaciones tendr\u00e1 para el clima y el tiempo en la Tierra, Live Science entrevist\u00f3 a\u00a0<a href=\"https:\/\/www.gfdl.noaa.gov\/nathaniel-johnson-homepage\/\" target=\"_blank\" rel=\"noreferrer noopener\">Nathaniel Johnson<\/a>, meteor\u00f3logo investigador y miembro del equipo de pron\u00f3stico estacional de ENSO del Centro de Predicci\u00f3n Clim\u00e1tica de la Administraci\u00f3n Nacional Oce\u00e1nica y Atmosf\u00e9rica (NOAA). Esto fue lo que coment\u00f3.<\/p>\n\n\n\n<figure class=\"wp-block-image size-full\"><img loading=\"lazy\" decoding=\"async\" width=\"720\" height=\"906\" src=\"https:\/\/einsteresante.com\/wp-content\/uploads\/2026\/05\/image-14.png\" alt=\"\" class=\"wp-image-98201\" srcset=\"https:\/\/einsteresante.com\/wp-content\/uploads\/2026\/05\/image-14.png 720w, https:\/\/einsteresante.com\/wp-content\/uploads\/2026\/05\/image-14-238x300.png 238w\" sizes=\"auto, (max-width: 720px) 100vw, 720px\" \/><figcaption class=\"wp-element-caption\"><strong>Nathaniel Johnson<\/strong>\u00a0es un meteor\u00f3logo investigador de la NOAA que se centra en la din\u00e1mica clim\u00e1tica, con especial inter\u00e9s en la variabilidad y predictibilidad clim\u00e1tica subestacional a estacional, la predicci\u00f3n clim\u00e1tica, la interacci\u00f3n tropical-extratropical y los patrones de teleconexi\u00f3n atmosf\u00e9rica. Cr\u00e9dito de la imagen: NOAA.<\/figcaption><\/figure>\n\n\n\n<hr class=\"wp-block-separator has-alpha-channel-opacity\"\/>\n\n\n\n<p><strong>Sophie Berdugo: \u00bfC\u00f3mo predice y clasifica la NOAA el fen\u00f3meno de El Ni\u00f1o?<\/strong><\/p>\n\n\n\n<p><strong>Nathaniel Johnson:<\/strong>\u00a0Nuestra clasificaci\u00f3n b\u00e1sica de El Ni\u00f1o se basa en las temperaturas relativas de la superficie del mar en el Pac\u00edfico ecuatorial centro-oriental. Y por relativas, nos referimos a relativas al promedio tropical. Por lo tanto, cuando las temperaturas de la superficie del mar en el Pac\u00edfico tropical centro-oriental superan en m\u00e1s de 0,5\u00b0C la media tropical, entonces tenemos condiciones de El Ni\u00f1o.<\/p>\n\n\n\n<p>Podemos subdividir a\u00fan m\u00e1s El Ni\u00f1o en d\u00e9bil, moderado y fuerte. Se trata de una subdivisi\u00f3n no oficial basada simplemente en la temperatura de la superficie del oc\u00e9ano en el Pac\u00edfico tropical centro-oriental.<\/p>\n\n\n\n<p><strong>SB: \u00bfCu\u00e1les son los umbrales para esas subdivisiones no oficiales y con qu\u00e9 frecuencia se da cada categor\u00eda?<\/strong><\/p>\n\n\n\n<p><strong>NJ:<\/strong>\u00a0Se declara el fen\u00f3meno de El Ni\u00f1o cuando el\u00a0<a href=\"https:\/\/cpc.ncep.noaa.gov\/products\/analysis_monitoring\/enso\/roni\/\" target=\"_blank\" rel=\"noreferrer noopener\">\u00cdndice Oce\u00e1nico Relativo de El Ni\u00f1o<\/a>\u00a0\u2014que mide las temperaturas del oc\u00e9ano en la zona centro-oriental del Pac\u00edfico tropical\u2014 supera en m\u00e1s de 0,5\u00b0C la media tropical.<\/p>\n\n\n\n<p>Por lo tanto, entre 0,5\u00b0C y 1\u00b0C, se tratar\u00eda de un El Ni\u00f1o d\u00e9bil. El Ni\u00f1o, en promedio, ocurre cada tres o cuatro a\u00f1os. Muchas veces, es un El Ni\u00f1o d\u00e9bil. Si este \u00edndice se encuentra entre 1\u00b0C y 1,5\u00b0C, entonces decimos que es un evento moderado.<\/p>\n\n\n\n<p>Si el aumento es de 1,5\u00b0C a 2\u00b0C, lo consideramos un evento fuerte. Y por encima de 2\u00b0C, es un evento muy fuerte. Un evento muy fuerte es el tipo de evento que ocurre quiz\u00e1s una vez cada 10 o 20 a\u00f1os.<\/p>\n\n\n\n<p><strong>\u00bfCu\u00e1l es el pron\u00f3stico actual para el pr\u00f3ximo fen\u00f3meno de El Ni\u00f1o y qu\u00e9 grado de certeza tiene?<\/strong><\/p>\n\n\n\n<p><strong>NJ:<\/strong>\u00a0Actualmente, la NOAA pronostica una probabilidad de alrededor del 90% de que El Ni\u00f1o se desarrolle para este oto\u00f1o. Por lo general, es m\u00e1s dif\u00edcil pronosticar El Ni\u00f1o en primavera: existe una llamada barrera de predictibilidad primaveral, donde los pron\u00f3sticos tienden a ser menos fiables en esa \u00e9poca del a\u00f1o. Por lo tanto, el hecho de que la NOAA pronostique una probabilidad del 90% es inusual para esta \u00e9poca del a\u00f1o.<\/p>\n\n\n\n<p>Y hay aproximadamente un 50% de probabilidad de que sea al menos un evento fuerte (es decir, ese \u00edndice por encima de 1,5\u00b0C) y aproximadamente un 25% de probabilidad de que sea un evento muy fuerte, por encima de 2\u00b0C.<\/p>\n\n\n\n<p>A\u00fan existe mucha incertidumbre sobre la intensidad de este fen\u00f3meno. Sin embargo, dir\u00eda que hay una confianza inusual en que tendremos un fen\u00f3meno de El Ni\u00f1o, dado que, en esta \u00e9poca del a\u00f1o, suele ser dif\u00edcil predecir con mucha precisi\u00f3n su evoluci\u00f3n.<\/p>\n\n\n\n<figure class=\"wp-block-image size-full\"><img loading=\"lazy\" decoding=\"async\" width=\"768\" height=\"432\" src=\"https:\/\/einsteresante.com\/wp-content\/uploads\/2026\/05\/image-13.png\" alt=\"\" class=\"wp-image-98198\" srcset=\"https:\/\/einsteresante.com\/wp-content\/uploads\/2026\/05\/image-13.png 768w, https:\/\/einsteresante.com\/wp-content\/uploads\/2026\/05\/image-13-300x169.png 300w\" sizes=\"auto, (max-width: 768px) 100vw, 768px\" \/><figcaption class=\"wp-element-caption\">El fen\u00f3meno de El Ni\u00f1o de 2023 influy\u00f3 en que el 96% de los oc\u00e9anos del mundo experimentaran olas de calor extremas ese a\u00f1o. Cr\u00e9dito de la imagen: Zhenzhong Zeng.<\/figcaption><\/figure>\n\n\n\n<p><strong>SB: \u00bfPor qu\u00e9 es dif\u00edcil hacer pron\u00f3sticos en esta \u00e9poca del a\u00f1o? \u00bfY qu\u00e9 significa para el inminente fen\u00f3meno de El Ni\u00f1o el hecho de que ya tengamos una alta probabilidad de que ocurra?<\/strong><\/p>\n\n\n\n<p><strong>NJ:<\/strong>&nbsp;El Ni\u00f1o requiere la cooperaci\u00f3n entre la atm\u00f3sfera y el oc\u00e9ano, por lo que debe existir cierta retroalimentaci\u00f3n entre la atm\u00f3sfera tropical y el oc\u00e9ano. Y el acoplamiento entre el oc\u00e9ano y la atm\u00f3sfera es m\u00e1s d\u00e9bil en esta \u00e9poca del a\u00f1o, debido a los cambios estacionales en la temperatura promedio de la superficie del mar.<\/p>\n\n\n\n<p>Por ejemplo, existe un menor contraste este-oeste entre el Pac\u00edfico occidental y el Pac\u00edfico oriental. Y ese contraste entre el este y el oeste es fundamental para la interacci\u00f3n entre la atm\u00f3sfera tropical y el oc\u00e9ano.<\/p>\n\n\n\n<p>Esto significa que es m\u00e1s f\u00e1cil interrumpir el desarrollo de El Ni\u00f1o simplemente con condiciones clim\u00e1ticas ca\u00f3ticas. Por ejemplo, si de repente hubiera fuertes vientos del este al oeste, factores que no podemos predecir con m\u00e1s de unas pocas semanas de antelaci\u00f3n podr\u00edan contribuir a interrumpir El Ni\u00f1o.<\/p>\n\n\n\n<p>El hecho de que estemos tan seguros de que El Ni\u00f1o se desarrollar\u00e1 nos indica que, a pesar de estas incertidumbres y de los efectos acumulativos del clima ca\u00f3tico, las condiciones son ideales para que se produzca. No hemos visto ninguna se\u00f1al de que esta progresi\u00f3n se est\u00e9 interrumpiendo. Hasta ahora, todo parece coincidir con este r\u00e1pido cambio respecto a las condiciones de La Ni\u00f1a que tuvimos el invierno boreal pasado [invierno en el hemisferio norte]. Ahora estamos en fase neutral, pero el Pac\u00edfico oriental se est\u00e1 calentando con bastante rapidez.<\/p>\n\n\n\n<p><strong>SB: \u00bfEs inusual la rapidez con la que se est\u00e1 acercando este nuevo fen\u00f3meno de El Ni\u00f1o?<\/strong><\/p>\n\n\n\n<p><strong>NJ:<\/strong>&nbsp;S\u00ed, la verdad es que es bastante inusual. Lo contrario no lo es tanto. Es bastante com\u00fan pasar, por ejemplo, de un El Ni\u00f1o intenso a una transici\u00f3n r\u00e1pida a una La Ni\u00f1a. Pero lo contrario, pasar de una La Ni\u00f1a d\u00e9bil a casi moderada, luego a un El Ni\u00f1o y potencialmente a un El Ni\u00f1o intenso, eso es m\u00e1s raro.<\/p>\n\n\n\n<p>De hecho, si se trata de un El Ni\u00f1o muy intenso, podr\u00eda ser una de las transiciones m\u00e1s r\u00e1pidas que he visto en mi historial, quiz\u00e1s la m\u00e1s r\u00e1pida. Porque pasar de una La Ni\u00f1a d\u00e9bil a moderada a un El Ni\u00f1o fuerte a muy fuerte en el transcurso de un a\u00f1o no es algo que veamos muy a menudo.<\/p>\n\n\n\n<figure class=\"wp-block-image size-full\"><img loading=\"lazy\" decoding=\"async\" width=\"768\" height=\"432\" src=\"https:\/\/einsteresante.com\/wp-content\/uploads\/2026\/05\/image-15.png\" alt=\"\" class=\"wp-image-98203\" srcset=\"https:\/\/einsteresante.com\/wp-content\/uploads\/2026\/05\/image-15.png 768w, https:\/\/einsteresante.com\/wp-content\/uploads\/2026\/05\/image-15-300x169.png 300w\" sizes=\"auto, (max-width: 768px) 100vw, 768px\" \/><figcaption class=\"wp-element-caption\">Los bomberos responden a los incendios forestales en Pacific Palisades, California, el 7 de enero de 2025. Cr\u00e9dito de la imagen: David Swanson\/AFP v\u00eda Getty Images.<\/figcaption><\/figure>\n\n\n\n<p><strong>SB: \u00bfQu\u00e9 podr\u00eda estar causando eso?<\/strong><\/p>\n\n\n\n<p><strong>NJ:<\/strong>\u00a0Es algo que habr\u00e1 que diagnosticar despu\u00e9s del suceso, si es que llega a ser as\u00ed. Cabe se\u00f1alar que, durante el \u00faltimo siglo, hemos observado un aumento en la rapidez de estas fluctuaciones entre los ciclos meteorol\u00f3gicos. Por lo tanto, existen indicios de que\u00a0<a href=\"https:\/\/www.livescience.com\/planet-earth\/climate-change\"><u>el cambio clim\u00e1tico<\/u><\/a>\u00a0podr\u00eda influir en la mayor rapidez de estas oscilaciones entre El Ni\u00f1o y La Ni\u00f1a. Es un tema que requiere mayor investigaci\u00f3n.<\/p>\n\n\n\n<p><strong>SB: \u00bfQu\u00e9 impacto podr\u00eda tener un fen\u00f3meno de El Ni\u00f1o muy intenso en el clima y los sistemas alimentarios este a\u00f1o?<\/strong><\/p>\n\n\n\n<p><strong>NJ:<\/strong>\u00a0Si tuvi\u00e9ramos un fen\u00f3meno de El Ni\u00f1o muy intenso, tendr\u00eda, por ejemplo, repercusiones en nuestras pesquer\u00edas. Si tuvi\u00e9ramos un fen\u00f3meno de El Ni\u00f1o muy intenso, podr\u00edamos sufrir el colapso de la\u00a0<a href=\"https:\/\/www.science.org\/doi\/full\/10.1126\/sciadv.aau6060\" target=\"_blank\" rel=\"noreferrer noopener\"><u>&#8220;lengua fr\u00eda&#8221; del Pac\u00edfico ecuatorial oriental<\/u><\/a>, lo que reducir\u00eda la cantidad de agua rica en nutrientes que aflora. [Nota del editor: La &#8220;lengua fr\u00eda&#8221; del Pac\u00edfico ecuatorial oriental es una masa de agua superficial rica en nutrientes en el oc\u00e9ano Pac\u00edfico].<\/p>\n\n\n\n<p>Eso podr\u00eda tener un impacto negativo muy significativo, por ejemplo, en la pesca de anchoa en Per\u00fa. Solemos observar una migraci\u00f3n de peces de aguas c\u00e1lidas hacia aguas m\u00e1s c\u00e1lidas, como la migraci\u00f3n de peces tropicales hacia el norte o hacia la costa oeste de Norteam\u00e9rica. Quiz\u00e1s las especies de aguas fr\u00edas, como el salm\u00f3n, experimenten una disminuci\u00f3n en sus poblaciones. El riesgo de incendios forestales aumentar\u00eda en lugares como Australia, Indonesia, el norte de Brasil, partes del oeste de Canad\u00e1 y el norte de Estados Unidos, donde se prev\u00e9 que las condiciones sean m\u00e1s secas.<\/p>\n\n\n\n<p>Un evento muy intenso generalmente implica aguas tropicales mucho m\u00e1s c\u00e1lidas. Por lo tanto, el blanqueamiento de los corales podr\u00eda ser bastante severo. As\u00ed pues, un evento muy intenso podr\u00eda tener muchos impactos ecol\u00f3gicos potencialmente graves.<\/p>\n\n\n\n<p><strong>SB: El \u00faltimo fen\u00f3meno de El Ni\u00f1o dur\u00f3 de 2023 a 2024, y 2024 se convirti\u00f3 en el a\u00f1o m\u00e1s caluroso registrado. \u00bfQu\u00e9 podemos esperar en t\u00e9rminos de temperaturas globales para el pr\u00f3ximo El Ni\u00f1o?<\/strong><\/p>\n\n\n\n<p><strong>NJ:<\/strong>&nbsp;El fen\u00f3meno de El Ni\u00f1o suele provocar un aumento temporal de la temperatura media global. Si resulta ser un evento intenso, este aumento se sumar\u00eda a\u00fan m\u00e1s a las tendencias de calentamiento a largo plazo. Por lo tanto, si se produjera un El Ni\u00f1o m\u00e1s fuerte, aumentar\u00eda la probabilidad de que se registre un nuevo r\u00e9cord de temperatura media global.<\/p>\n\n\n\n<p><strong>SB: \u00bfCu\u00e1les ser\u00e1n las repercusiones en Estados Unidos, algunas zonas del cual ya se enfrentan a una grave sequ\u00eda incluso antes del verano?<\/strong><\/p>\n\n\n\n<p><strong>NJ:<\/strong>&nbsp;Los impactos en Estados Unidos tender\u00edan a ser m\u00e1s fuertes durante el invierno, aunque antes, el primer impacto notable se notar\u00eda en la temporada de huracanes. Normalmente, durante El Ni\u00f1o, observamos una disminuci\u00f3n de la temporada de huracanes en el Atl\u00e1ntico y un aumento de la temporada en el Pac\u00edfico Oriental; por lo tanto, en general, podr\u00eda haber un menor riesgo de ciclones tropicales en verano y oto\u00f1o.<\/p>\n\n\n\n<p>Pero normalmente, en invierno, vemos mayores precipitaciones y nevadas en la zona sur de Estados Unidos. As\u00ed que eso ser\u00eda una buena noticia para las regiones afectadas por la sequ\u00eda en el sur de Estados Unidos.<\/p>\n\n\n\n<p>Pero ese cambio en la trayectoria de la tormenta hacia el sur significar\u00eda que la sequ\u00eda en las zonas m\u00e1s septentrionales podr\u00eda persistir. Por lo tanto, aumentar\u00eda la probabilidad de que la sequ\u00eda contin\u00fae en las zonas septentrionales que ya se han visto afectadas.<\/p>\n\n\n\n<p><strong>SB: Entonces, \u00bfpodr\u00eda el fen\u00f3meno de El Ni\u00f1o, al provocar un aumento de las precipitaciones invernales en las zonas del sur de Estados Unidos afectadas por la sequ\u00eda, conllevar un mayor riesgo de inundaciones?<\/strong><\/p>\n\n\n\n<p><strong>NJ:<\/strong>&nbsp;Obviamente, aliviar la sequ\u00eda ser\u00eda estupendo, pero existe un riesgo potencial de inundaciones. Sobre todo si se produce un fen\u00f3meno meteorol\u00f3gico intenso o muy intenso, observamos que la corriente en chorro subtropical se extiende m\u00e1s hacia el este, hacia el continente norteamericano. Esto podr\u00eda provocar, por ejemplo, r\u00edos atmosf\u00e9ricos m\u00e1s frecuentes en algunas zonas de la costa oeste, como California.<\/p>\n\n\n\n<p>Y esos r\u00edos atmosf\u00e9ricos, por supuesto, traen lluvias y nevadas beneficiosas \u2014como la acumulaci\u00f3n de nieve en el Medio Oeste\u2014, pero tambi\u00e9n provocan inundaciones y destrucci\u00f3n por el viento. As\u00ed que siempre hay aspectos positivos y negativos que pueden contrarrestarse mutuamente.<\/p>\n\n\n\n<p><strong>SB: \u00bfQu\u00e9 deber\u00edan hacer las personas y los gobiernos para prepararse?<\/strong><\/p>\n\n\n\n<p><strong>NJ:<\/strong>\u00a0Creo que, llegado este punto, deber\u00edan prepararse para los mayores riesgos asociados a un fen\u00f3meno de El Ni\u00f1o de distinta intensidad, entendiendo que a\u00fan existe incertidumbre en cuanto a su amplitud, como ya mencion\u00e9, pero que existe la posibilidad de un evento fuerte o muy fuerte. Ante todos estos riesgos asociados a El Ni\u00f1o, es necesario estar preparados para destinar los recursos necesarios para afrontarlos. Repito, no es seguro \u2014siempre hay otros factores\u2014, pero cuanto m\u00e1s intenso sea el fen\u00f3meno, m\u00e1s probable es que El Ni\u00f1o predomine sobre los dem\u00e1s factores que podr\u00edan estar influyendo en nuestro tiempo y clima.<\/p>\n\n\n\n<p><strong>SB: Se ha hablado mucho de un &#8220;s\u00faper&#8221; El Ni\u00f1o y de sus posibles consecuencias. \u00bfCu\u00e1l es su mensaje final para los lectores?<\/strong><\/p>\n\n\n\n<p><strong>NJ:<\/strong>&nbsp;Mi mensaje ser\u00eda intentar dejar de lado la exageraci\u00f3n y centrarnos en la ciencia s\u00f3lida. Mantengamos una perspectiva racional del pron\u00f3stico: es probable que se produzca El Ni\u00f1o, aunque a\u00fan existe incertidumbre sobre su intensidad. Simplemente, seamos conscientes de los posibles impactos y tengamos en cuenta que seguiremos ajustando el pron\u00f3stico en los pr\u00f3ximos meses.<\/p>\n\n\n\n<p><em>Nota del editor de la fuente: Esta entrevista ha sido condensada y editada para mayor claridad.<\/em><\/p>\n\n\n\n<p>Fuente: <a href=\"https:\/\/www.livescience.com\/planet-earth\/weather\/one-of-the-most-rapid-transitions-that-ive-seen-noaa-forecaster-on-how-this-years-el-nino-could-shatter-records\">Live Science<\/a>.<\/p>\n","protected":false},"excerpt":{"rendered":"<p>Nuestro planeta, que se est\u00e1 calentando, entrar\u00e1 en un\u00a0per\u00edodo de El Ni\u00f1o ya en mayo, con una alta probabilidad de que el sur de Norteam\u00e9rica experimente temperaturas extremadamente elevadas. El Ni\u00f1o,\u00a0una de las tres fases del ciclo natural de El Ni\u00f1o-Oscilaci\u00f3n del Sur (ENSO) en el oc\u00e9ano Pac\u00edfico,\u00a0ocurre cada dos a siete a\u00f1os, elevando la [&hellip;]<\/p>\n","protected":false},"author":1,"featured_media":98206,"comment_status":"open","ping_status":"open","sticky":false,"template":"","format":"standard","meta":{"footnotes":""},"categories":[10],"tags":[],"class_list":["post-98169","post","type-post","status-publish","format-standard","has-post-thumbnail","hentry","category-medio-ambiente"],"_links":{"self":[{"href":"https:\/\/einsteresante.com\/index.php\/wp-json\/wp\/v2\/posts\/98169","targetHints":{"allow":["GET"]}}],"collection":[{"href":"https:\/\/einsteresante.com\/index.php\/wp-json\/wp\/v2\/posts"}],"about":[{"href":"https:\/\/einsteresante.com\/index.php\/wp-json\/wp\/v2\/types\/post"}],"author":[{"embeddable":true,"href":"https:\/\/einsteresante.com\/index.php\/wp-json\/wp\/v2\/users\/1"}],"replies":[{"embeddable":true,"href":"https:\/\/einsteresante.com\/index.php\/wp-json\/wp\/v2\/comments?post=98169"}],"version-history":[{"count":33,"href":"https:\/\/einsteresante.com\/index.php\/wp-json\/wp\/v2\/posts\/98169\/revisions"}],"predecessor-version":[{"id":98205,"href":"https:\/\/einsteresante.com\/index.php\/wp-json\/wp\/v2\/posts\/98169\/revisions\/98205"}],"wp:featuredmedia":[{"embeddable":true,"href":"https:\/\/einsteresante.com\/index.php\/wp-json\/wp\/v2\/media\/98206"}],"wp:attachment":[{"href":"https:\/\/einsteresante.com\/index.php\/wp-json\/wp\/v2\/media?parent=98169"}],"wp:term":[{"taxonomy":"category","embeddable":true,"href":"https:\/\/einsteresante.com\/index.php\/wp-json\/wp\/v2\/categories?post=98169"},{"taxonomy":"post_tag","embeddable":true,"href":"https:\/\/einsteresante.com\/index.php\/wp-json\/wp\/v2\/tags?post=98169"}],"curies":[{"name":"wp","href":"https:\/\/api.w.org\/{rel}","templated":true}]}}