{"id":98208,"date":"2026-05-03T00:10:38","date_gmt":"2026-05-03T05:10:38","guid":{"rendered":"https:\/\/einsteresante.com\/?p=98208"},"modified":"2026-05-03T00:10:40","modified_gmt":"2026-05-03T05:10:40","slug":"las-personas-que-nacen-ciegas-nunca-desarrollan-esquizofrenia-que-nos-dice-esto-de-esta-condicion-psiquiatrica","status":"publish","type":"post","link":"https:\/\/einsteresante.com\/index.php\/2026\/05\/03\/las-personas-que-nacen-ciegas-nunca-desarrollan-esquizofrenia-que-nos-dice-esto-de-esta-condicion-psiquiatrica\/","title":{"rendered":"Las personas que nacen ciegas nunca desarrollan esquizofrenia \u00bfQu\u00e9 nos dice esto de esta condici\u00f3n psiqui\u00e1trica?"},"content":{"rendered":"\n<p>En 1950, dos investigadores notaron algo que no cuadraba del todo. Hector Chevigny, un escritor que hab\u00eda perdido la vista en la edad adulta, y el psic\u00f3logo Sydell Braverman estaban estudiando la vida psicol\u00f3gica de las personas ciegas cuando se toparon con un patr\u00f3n intrigante: la esquizofrenia, una enfermedad mental grave que afecta a personas de pr\u00e1cticamente todas las sociedades conocidas, parec\u00eda estar completamente ausente en las personas que hab\u00edan sido ciegas de nacimiento.<\/p>\n\n\n\n<p>Esta observaci\u00f3n permaneci\u00f3 pr\u00e1cticamente ignorada durante d\u00e9cadas, debido al conocimiento limitado de la enfermedad y a la falta de datos de los pacientes. Luego, a principios de la d\u00e9cada de 2000, las grandes bases de datos&nbsp;<a href=\"https:\/\/journals.sagepub.com\/doi\/abs\/10.1177\/14034948020300020101\" target=\"_blank\" rel=\"noreferrer noopener\">sanitarias nacionales<\/a>&nbsp;permitieron a los investigadores realizar un seguimiento de poblaciones enteras desde el nacimiento hasta la edad adulta, y el patr\u00f3n se confirm\u00f3.<\/p>\n\n\n\n<p>La evidencia m\u00e1s rigurosa proviene de un&nbsp;<a href=\"https:\/\/www.sciencedirect.com\/science\/article\/abs\/pii\/S0920996418304055?via%3Dihub\" target=\"_blank\" rel=\"noreferrer noopener\">estudio poblacional realizado<\/a>&nbsp;en 2018 que sigui\u00f3 a casi medio mill\u00f3n de ni\u00f1os nacidos en Australia Occidental entre 1980 y 2001. De ellos, 1.870 desarrollaron esquizofrenia, pero ninguno de los 66 ni\u00f1os con ceguera cortical la desarroll\u00f3.<\/p>\n\n\n\n<p>Si bien la muestra de ni\u00f1os ciegos es peque\u00f1a, este patr\u00f3n se mantiene a lo largo de m\u00e1s de\u00a0<a href=\"https:\/\/www.frontiersin.org\/journals\/psychology\/articles\/10.3389\/fpsyg.2013.00157\/full\" target=\"_blank\" rel=\"noreferrer noopener\">70 a\u00f1os de evidencia<\/a>: nunca se ha reportado un solo caso de esquizofrenia en personas ciegas de nacimiento. La protecci\u00f3n parece ser espec\u00edfica de la ceguera cortical, causada por da\u00f1os en la corteza visual del cerebro.<\/p>\n\n\n\n<p>Las personas que pierden la vista en la edad adulta, o cuya ceguera se debe a da\u00f1os en los ojos y no en el cerebro, tambi\u00e9n pueden desarrollar esta afecci\u00f3n. Esto deja claro que la ceguera en s\u00ed misma no es el factor determinante, sino algo espec\u00edfico del cerebro visual.<\/p>\n\n\n\n<p>Esto puede parecer extra\u00f1o. La esquizofrenia se asocia m\u00e1s com\u00fanmente con o\u00edr voces o tener creencias inusuales, no con problemas de visi\u00f3n. Pero la explicaci\u00f3n no reside en lo que la gente ve, sino en c\u00f3mo el cerebro utiliza la visi\u00f3n para comprender el mundo.<\/p>\n\n\n\n<p>Actualmente, los cient\u00edficos entienden la esquizofrenia como, al menos en parte, un\u00a0<a href=\"https:\/\/academic.oup.com\/brain\/article\/130\/9\/2387\/291541\" target=\"_blank\" rel=\"noreferrer noopener\">trastorno de predicci\u00f3n<\/a>. El cerebro genera constantemente expectativas sobre su entorno y las contrasta con las se\u00f1ales sensoriales. En la esquizofrenia, este proceso parece fallar. Se da demasiada importancia a las se\u00f1ales d\u00e9biles o aleatorias. Las coincidencias se perciben como significativas. Los pensamientos pueden parecer provenir de fuera de uno mismo. La frontera entre la imaginaci\u00f3n y la realidad comienza a desdibujarse.<\/p>\n\n\n\n<h2 class=\"wp-block-heading\">Una cuesti\u00f3n de predicci\u00f3n<\/h2>\n\n\n\n<p>La visi\u00f3n desempe\u00f1a un papel fundamental en el desarrollo de este sistema, especialmente durante la infancia. La corteza visual es una de las regiones m\u00e1s grandes y con mayor conectividad del cerebro, involucrada no solo en la visi\u00f3n, sino tambi\u00e9n en\u00a0<a href=\"https:\/\/royalsocietypublishing.org\/rstb\/article-abstract\/362\/1481\/837\/20990\/Modulation-of-visual-processing-by-attention-and?redirectedFrom=fulltext\" target=\"_blank\" rel=\"noreferrer noopener\">el aprendizaje, la atenci\u00f3n y las emociones<\/a>. Cuando no recibe estimulaci\u00f3n desde el nacimiento, el cerebro se desarrolla de manera diferente. Estudios de neuroimagen muestran que, en personas con\u00a0<a href=\"https:\/\/medicalxpress.com\/news\/2023-01-uncovers-congenitally-people-visual-processing-areas.html?utm_source=embeddings&amp;utm_medium=related&amp;utm_campaign=internal\">ceguera cortical cong\u00e9nita<\/a>, esta \u00e1rea\u00a0<a href=\"https:\/\/www.jstor.org\/stable\/20183053\" target=\"_blank\" rel=\"noreferrer noopener\">suele reasignarse<\/a>\u00a0a tareas como el lenguaje, la memoria y el razonamiento.<\/p>\n\n\n\n<p>Algunos investigadores creen que esta reorganizaci\u00f3n temprana podr\u00eda ofrecer una especie de protecci\u00f3n. Sin la informaci\u00f3n visual que genera un flujo constante de se\u00f1ales ambiguas o impredecibles, el cerebro podr\u00eda adoptar formas m\u00e1s estables de interpretar el mundo, reduciendo el riesgo de las predicciones err\u00f3neas que caracterizan la esquizofrenia.<\/p>\n\n\n\n<p>El momento en que ocurre es crucial. Perder la visi\u00f3n en la edad adulta, incluso durante la infancia, no parece ofrecer la\u00a0<a href=\"https:\/\/www.sciencedirect.com\/science\/article\/pii\/S0920996418304055\" target=\"_blank\" rel=\"noreferrer noopener\">misma protecci\u00f3n<\/a>. Para entonces, el cerebro ya ha sido moldeado por a\u00f1os de experiencia visual.<\/p>\n\n\n\n<p>Nada de esto sugiere que la ceguera pueda ser una protecci\u00f3n pr\u00e1ctica contra la esquizofrenia. Pero s\u00ed abre nuevas perspectivas sobre la enfermedad y, potencialmente, nuevas formas de tratarla.<\/p>\n\n\n\n<figure class=\"wp-block-embed is-type-video is-provider-youtube wp-block-embed-youtube wp-embed-aspect-16-9 wp-has-aspect-ratio\"><div class=\"wp-block-embed__wrapper\">\n<iframe loading=\"lazy\" title=\"Schizophrenia and Dissociative Disorders: Crash Course Psychology #32\" width=\"640\" height=\"360\" src=\"https:\/\/www.youtube.com\/embed\/uxktavpRdzU?start=13&#038;feature=oembed\" frameborder=\"0\" allow=\"accelerometer; autoplay; clipboard-write; encrypted-media; gyroscope; picture-in-picture; web-share\" referrerpolicy=\"strict-origin-when-cross-origin\" allowfullscreen><\/iframe>\n<\/div><\/figure>\n\n\n\n<p>La mayor\u00eda de los tratamientos actuales se centran en la qu\u00edmica cerebral, en particular en el sistema dopamin\u00e9rgico. Estos f\u00e1rmacos ayudan a muchas personas, pero no son efectivos para todos y pueden tener efectos secundarios importantes. Si la esquizofrenia se relaciona en parte con la forma en que el cerebro aprende a predecir e interpretar la realidad, entonces los tratamientos futuros tambi\u00e9n podr\u00edan abordar la percepci\u00f3n, el aprendizaje y c\u00f3mo el cerebro sopesa la informaci\u00f3n incierta.<\/p>\n\n\n\n<p>Actualmente, se est\u00e1n investigando f\u00e1rmacos que act\u00faan sobre\u00a0<a href=\"https:\/\/www.annualreviews.org\/content\/journals\/10.1146\/annurev.pharmtox.42.082701.160735\" target=\"_blank\" rel=\"noreferrer noopener\">el glutamato<\/a>, una sustancia qu\u00edmica cerebral implicada en el aprendizaje y la comunicaci\u00f3n entre las c\u00e9lulas nerviosas. Los sistemas glutamat\u00e9rgicos son particularmente activos en la corteza visual y en los circuitos que ayudan al cerebro a filtrar la informaci\u00f3n importante de la que puede ignorarse. Estos tratamientos no se basan en la ceguera en s\u00ed, sino en lo que la ceguera cong\u00e9nita revela sobre el desarrollo de un cerebro estable y bien organizado.<\/p>\n\n\n\n<p>Este campo a\u00fan se encuentra en una etapa temprana. Sin embargo, se espera que, al comprender mejor el desarrollo cerebral desde sus inicios, los cient\u00edficos puedan alg\u00fan d\u00eda encontrar maneras de reducir el riesgo de esquizofrenia o prevenir que se manifiesten sus formas m\u00e1s graves. Casi un siglo despu\u00e9s, la curiosa observaci\u00f3n que Chevigny y Braverman hicieron accidentalmente sigue influyendo en la forma en que los cient\u00edficos piensan sobre una de las afecciones m\u00e9dicas m\u00e1s complejas y menos comprendidas.<\/p>\n\n\n\n<p>Fuente: <a href=\"https:\/\/medicalxpress.com\/news\/2026-05-people-birth-schizophrenia-psychiatric-condition.html\">Medical Xpress<\/a>.<\/p>\n","protected":false},"excerpt":{"rendered":"<p>En 1950, dos investigadores notaron algo que no cuadraba del todo. Hector Chevigny, un escritor que hab\u00eda perdido la vista en la edad adulta, y el psic\u00f3logo Sydell Braverman estaban estudiando la vida psicol\u00f3gica de las personas ciegas cuando se toparon con un patr\u00f3n intrigante: la esquizofrenia, una enfermedad mental grave que afecta a personas [&hellip;]<\/p>\n","protected":false},"author":1,"featured_media":98220,"comment_status":"open","ping_status":"open","sticky":false,"template":"","format":"standard","meta":{"footnotes":""},"categories":[7],"tags":[],"class_list":["post-98208","post","type-post","status-publish","format-standard","has-post-thumbnail","hentry","category-salud-y-medicina"],"_links":{"self":[{"href":"https:\/\/einsteresante.com\/index.php\/wp-json\/wp\/v2\/posts\/98208","targetHints":{"allow":["GET"]}}],"collection":[{"href":"https:\/\/einsteresante.com\/index.php\/wp-json\/wp\/v2\/posts"}],"about":[{"href":"https:\/\/einsteresante.com\/index.php\/wp-json\/wp\/v2\/types\/post"}],"author":[{"embeddable":true,"href":"https:\/\/einsteresante.com\/index.php\/wp-json\/wp\/v2\/users\/1"}],"replies":[{"embeddable":true,"href":"https:\/\/einsteresante.com\/index.php\/wp-json\/wp\/v2\/comments?post=98208"}],"version-history":[{"count":13,"href":"https:\/\/einsteresante.com\/index.php\/wp-json\/wp\/v2\/posts\/98208\/revisions"}],"predecessor-version":[{"id":98222,"href":"https:\/\/einsteresante.com\/index.php\/wp-json\/wp\/v2\/posts\/98208\/revisions\/98222"}],"wp:featuredmedia":[{"embeddable":true,"href":"https:\/\/einsteresante.com\/index.php\/wp-json\/wp\/v2\/media\/98220"}],"wp:attachment":[{"href":"https:\/\/einsteresante.com\/index.php\/wp-json\/wp\/v2\/media?parent=98208"}],"wp:term":[{"taxonomy":"category","embeddable":true,"href":"https:\/\/einsteresante.com\/index.php\/wp-json\/wp\/v2\/categories?post=98208"},{"taxonomy":"post_tag","embeddable":true,"href":"https:\/\/einsteresante.com\/index.php\/wp-json\/wp\/v2\/tags?post=98208"}],"curies":[{"name":"wp","href":"https:\/\/api.w.org\/{rel}","templated":true}]}}